{"id":10697,"date":"2015-12-02T18:40:22","date_gmt":"2015-12-02T23:40:22","guid":{"rendered":"http:\/\/touridiomas.com\/site\/?p=10697"},"modified":"2016-03-27T14:02:54","modified_gmt":"2016-03-27T19:02:54","slug":"becas-y-ayudas-en-espana","status":"publish","type":"post","link":"https:\/\/touridiomas.com\/site\/becas-y-ayudas-en-espana\/","title":{"rendered":"Becas y ayudas en Espa\u00f1a"},"content":{"rendered":"<p>Disponibilidad de <strong>607<\/strong> becas y ayudas en Espa\u00f1a para estudiantes y profesionales iberoamericanos de parte de <strong>La Fundaci\u00f3n Carolina (FC)<\/strong> en la convocatoria 2016 &#8211; 2017.<\/p>\n<p><!--more--><\/p>\n<figure id=\"attachment_11252\" aria-describedby=\"caption-attachment-11252\" style=\"width: 420px\" class=\"wp-caption aligncenter\"><img fetchpriority=\"high\" decoding=\"async\" class=\"wp-image-11252 size-full\" src=\"http:\/\/touridiomas.com\/site\/wp-content\/uploads\/becas-y-ayudas-tuor-idiomas.jpg\" alt=\"becas y ayudas en Espa\u00f1a\" width=\"420\" height=\"280\" srcset=\"https:\/\/touridiomas.com\/site\/wp-content\/uploads\/becas-y-ayudas-tuor-idiomas.jpg 420w, https:\/\/touridiomas.com\/site\/wp-content\/uploads\/becas-y-ayudas-tuor-idiomas-300x200.jpg 300w\" sizes=\"(max-width: 420px) 100vw, 420px\" \/><figcaption id=\"caption-attachment-11252\" class=\"wp-caption-text\">Fundaci\u00f3n Carolina FC, 607 becas y ayudas en Espa\u00f1a<\/figcaption><\/figure>\n<p>La <strong>Fundaci\u00f3n Carolina FC<\/strong> la promoci\u00f3n de las relaciones culturales y la cooperaci\u00f3n en materia educativa y cient\u00edfica entre Espa\u00f1a y los pa\u00edses de la Comunidad Iberoamericana de Naciones, as\u00ed como con otros pa\u00edses con especiales v\u00ednculos hist\u00f3ricos, culturales o geogr\u00e1ficos. Esta instituci\u00f3n fue creada en Octubre del a\u00f1o 2000, hace referencia a S.M. el Rey Don Juan Carlos I, en la celebraci\u00f3n del 25\u00ba aniversario de su reinado y al Rey Carlos I de Espa\u00f1a, en el a\u00f1o de conmemoraci\u00f3n del 500\u00ba aniversario de su nacimiento, efem\u00e9rides celebradas en el a\u00f1o 2000.<\/p>\n<p>Para lograr su objetivo la <strong>Fundaci\u00f3n Carolina FC<\/strong>, implementa una serie de programas como son:<\/p>\n<ul>\n<li>Programas de Formaci\u00f3n<\/li>\n<li>Programas Internacional de Visitantes<\/li>\n<li>La Red Carolina<\/li>\n<li>Vivir en Espa\u00f1a.<\/li>\n<\/ul>\n<h2>607 becas y ayudas en Espa\u00f1a<\/h2>\n<p>En esta oportunidad a <strong>Tour Idiomas<\/strong> le complace anunciar que la Fundaci\u00f3n Carolina FC tiene a la disposici\u00f3n <strong>607 becas y ayudas en Espa\u00f1a<\/strong> para su convocatoria 2016 \u2013 2017 para su programa de Formaci\u00f3n.<\/p>\n<p>Este <strong>Programa de Formaci\u00f3n<\/strong> de la Fundaci\u00f3n Carolina FC tiene como objetivos facilitar y promover la ampliaci\u00f3n de estudios de licenciados universitarios as\u00ed como la especializaci\u00f3n y actualizaci\u00f3n de conocimientos de postgraduados, profesores, investigadores, artistas y profesionales procedentes de los pa\u00edses de Am\u00e9rica Latina miembros de la Comunidad Iberoamericana de Naciones y Portugal, ofreciendo una serie de becas y ayudas.<\/p>\n<p>Para el curso acad\u00e9mico <strong>2016-2017 <\/strong>la actividad formativa de la Fundaci\u00f3n Carolina FC se articula a trav\u00e9s de seis modalidades de becas: postgrado, doctorado y estancias cortas postdoctorales, emprendimiento, movilidad de profesores brasile\u00f1os, Escuela Complutense de Verano y Estudios Institucionales.<\/p>\n<p>Los plazos de solicitud finalizan entre febrero y abril dependiendo del tipo de programa.<\/p>\n<h2><a href=\"http:\/\/www.fundacioncarolina.es\/formacion\/presentacion\/\" target=\"_blank\">Conoce m\u00e1s de esta gran oportunidad aqu\u00ed.<\/a><\/h2>\n","protected":false},"excerpt":{"rendered":"<p>Disponibilidad de 607 becas y ayudas en Espa\u00f1a para estudiantes y profesionales iberoamericanos de parte de La Fundaci\u00f3n Carolina (FC) en la convocatoria 2016 &#8211; 2017.<\/p>\n","protected":false},"author":2,"featured_media":11252,"comment_status":"closed","ping_status":"closed","sticky":false,"template":"","format":"standard","meta":{"footnotes":""},"categories":[302],"tags":[349,348],"class_list":["post-10697","post","type-post","status-publish","format-standard","has-post-thumbnail","hentry","category-novedades","tag-becas","tag-espana"],"yoast_head":"<!-- This site is optimized with the Yoast SEO Premium plugin v27.2 (Yoast SEO v27.2) - https:\/\/yoast.com\/product\/yoast-seo-premium-wordpress\/ -->\n<title>Becas y ayudas en Espa\u00f1a - Tour Idiomas<\/title>\n<meta name=\"description\" content=\"La Fundaci\u00f3n Carolina ha abierto la convocatoria 2016 - 2017 ofertando 607 becas y ayudas para estudiantes y profesionales iberoamericanos.\" \/>\n<meta name=\"robots\" content=\"index, follow, max-snippet:-1, max-image-preview:large, max-video-preview:-1\" \/>\n<link rel=\"canonical\" href=\"https:\/\/touridiomas.com\/site\/becas-y-ayudas-en-espana\/\" \/>\n<meta property=\"og:locale\" content=\"es_MX\" \/>\n<meta property=\"og:type\" content=\"article\" \/>\n<meta property=\"og:title\" content=\"Becas y ayudas en Espa\u00f1a\" \/>\n<meta property=\"og:description\" content=\"La Fundaci\u00f3n Carolina ha abierto la convocatoria 2016 - 2017 ofertando 607 becas y ayudas para estudiantes y profesionales iberoamericanos.\" \/>\n<meta property=\"og:url\" content=\"https:\/\/touridiomas.com\/site\/becas-y-ayudas-en-espana\/\" \/>\n<meta property=\"og:site_name\" content=\"Tour Idiomas\" \/>\n<meta property=\"article:publisher\" content=\"https:\/\/www.facebook.com\/TourIdiomas\" \/>\n<meta property=\"article:published_time\" content=\"2015-12-02T23:40:22+00:00\" \/>\n<meta property=\"article:modified_time\" content=\"2016-03-27T19:02:54+00:00\" \/>\n<meta property=\"og:image\" content=\"https:\/\/touridiomas.com\/site\/wp-content\/uploads\/becas-y-ayudas-tuor-idiomas.jpg\" \/>\n\t<meta property=\"og:image:width\" content=\"420\" \/>\n\t<meta property=\"og:image:height\" content=\"280\" \/>\n\t<meta property=\"og:image:type\" content=\"image\/jpeg\" \/>\n<meta name=\"author\" content=\"Francisco C\u00e1rdenas\" \/>\n<meta name=\"twitter:card\" content=\"summary_large_image\" \/>\n<meta name=\"twitter:creator\" content=\"@TourIdiomas\" \/>\n<meta name=\"twitter:site\" content=\"@TourIdiomas\" \/>\n<meta name=\"twitter:label1\" content=\"Escrito por\" \/>\n\t<meta name=\"twitter:data1\" content=\"Francisco C\u00e1rdenas\" \/>\n\t<meta name=\"twitter:label2\" content=\"Tiempo de lectura\" \/>\n\t<meta name=\"twitter:data2\" content=\"2 minutos\" \/>\n<script type=\"application\/ld+json\" class=\"yoast-schema-graph\">{\"@context\":\"https:\/\/schema.org\",\"@graph\":[{\"@type\":\"Article\",\"@id\":\"https:\/\/touridiomas.com\/site\/becas-y-ayudas-en-espana\/#article\",\"isPartOf\":{\"@id\":\"https:\/\/touridiomas.com\/site\/becas-y-ayudas-en-espana\/\"},\"author\":{\"name\":\"Francisco C\u00e1rdenas\",\"@id\":\"https:\/\/touridiomas.com\/site\/#\/schema\/person\/e0cf8bab193b964539011aa7842b2d8e\"},\"headline\":\"Becas y ayudas en Espa\u00f1a\",\"datePublished\":\"2015-12-02T23:40:22+00:00\",\"dateModified\":\"2016-03-27T19:02:54+00:00\",\"mainEntityOfPage\":{\"@id\":\"https:\/\/touridiomas.com\/site\/becas-y-ayudas-en-espana\/\"},\"wordCount\":361,\"publisher\":{\"@id\":\"https:\/\/touridiomas.com\/site\/#organization\"},\"image\":{\"@id\":\"https:\/\/touridiomas.com\/site\/becas-y-ayudas-en-espana\/#primaryimage\"},\"thumbnailUrl\":\"https:\/\/touridiomas.com\/site\/wp-content\/uploads\/becas-y-ayudas-tuor-idiomas.jpg\",\"keywords\":[\"Becas\",\"Espa\u00f1a\"],\"articleSection\":[\"Novedades\"],\"inLanguage\":\"es\"},{\"@type\":\"WebPage\",\"@id\":\"https:\/\/touridiomas.com\/site\/becas-y-ayudas-en-espana\/\",\"url\":\"https:\/\/touridiomas.com\/site\/becas-y-ayudas-en-espana\/\",\"name\":\"Becas y ayudas en Espa\u00f1a - Tour Idiomas\",\"isPartOf\":{\"@id\":\"https:\/\/touridiomas.com\/site\/#website\"},\"primaryImageOfPage\":{\"@id\":\"https:\/\/touridiomas.com\/site\/becas-y-ayudas-en-espana\/#primaryimage\"},\"image\":{\"@id\":\"https:\/\/touridiomas.com\/site\/becas-y-ayudas-en-espana\/#primaryimage\"},\"thumbnailUrl\":\"https:\/\/touridiomas.com\/site\/wp-content\/uploads\/becas-y-ayudas-tuor-idiomas.jpg\",\"datePublished\":\"2015-12-02T23:40:22+00:00\",\"dateModified\":\"2016-03-27T19:02:54+00:00\",\"description\":\"La Fundaci\u00f3n Carolina ha abierto la convocatoria 2016 - 2017 ofertando 607 becas y ayudas para estudiantes y profesionales iberoamericanos.\",\"breadcrumb\":{\"@id\":\"https:\/\/touridiomas.com\/site\/becas-y-ayudas-en-espana\/#breadcrumb\"},\"inLanguage\":\"es\",\"potentialAction\":[{\"@type\":\"ReadAction\",\"target\":[\"https:\/\/touridiomas.com\/site\/becas-y-ayudas-en-espana\/\"]}]},{\"@type\":\"ImageObject\",\"inLanguage\":\"es\",\"@id\":\"https:\/\/touridiomas.com\/site\/becas-y-ayudas-en-espana\/#primaryimage\",\"url\":\"https:\/\/touridiomas.com\/site\/wp-content\/uploads\/becas-y-ayudas-tuor-idiomas.jpg\",\"contentUrl\":\"https:\/\/touridiomas.com\/site\/wp-content\/uploads\/becas-y-ayudas-tuor-idiomas.jpg\",\"width\":420,\"height\":280,\"caption\":\"becas y ayudas en Espa\u00f1a\"},{\"@type\":\"BreadcrumbList\",\"@id\":\"https:\/\/touridiomas.com\/site\/becas-y-ayudas-en-espana\/#breadcrumb\",\"itemListElement\":[{\"@type\":\"ListItem\",\"position\":1,\"name\":\"Home\",\"item\":\"https:\/\/touridiomas.com\/site\/\"},{\"@type\":\"ListItem\",\"position\":2,\"name\":\"Becas y ayudas en Espa\u00f1a\"}]},{\"@type\":\"WebSite\",\"@id\":\"https:\/\/touridiomas.com\/site\/#website\",\"url\":\"https:\/\/touridiomas.com\/site\/\",\"name\":\"Tour Idiomas\",\"description\":\"Estudios en el Exterior\",\"publisher\":{\"@id\":\"https:\/\/touridiomas.com\/site\/#organization\"},\"potentialAction\":[{\"@type\":\"SearchAction\",\"target\":{\"@type\":\"EntryPoint\",\"urlTemplate\":\"https:\/\/touridiomas.com\/site\/?s={search_term_string}\"},\"query-input\":{\"@type\":\"PropertyValueSpecification\",\"valueRequired\":true,\"valueName\":\"search_term_string\"}}],\"inLanguage\":\"es\"},{\"@type\":\"Organization\",\"@id\":\"https:\/\/touridiomas.com\/site\/#organization\",\"name\":\"Tour Idiomas\",\"url\":\"https:\/\/touridiomas.com\/site\/\",\"logo\":{\"@type\":\"ImageObject\",\"inLanguage\":\"es\",\"@id\":\"https:\/\/touridiomas.com\/site\/#\/schema\/logo\/image\/\",\"url\":\"https:\/\/touridiomas.com\/site\/wp-content\/uploads\/logo-tour-idiomas.jpg\",\"contentUrl\":\"https:\/\/touridiomas.com\/site\/wp-content\/uploads\/logo-tour-idiomas.jpg\",\"width\":400,\"height\":80,\"caption\":\"Tour Idiomas\"},\"image\":{\"@id\":\"https:\/\/touridiomas.com\/site\/#\/schema\/logo\/image\/\"},\"sameAs\":[\"https:\/\/www.facebook.com\/TourIdiomas\",\"https:\/\/x.com\/TourIdiomas\",\"https:\/\/www.instagram.com\/touridiomas\/\",\"https:\/\/www.youtube.com\/user\/TourIdiomas\"]},{\"@type\":\"Person\",\"@id\":\"https:\/\/touridiomas.com\/site\/#\/schema\/person\/e0cf8bab193b964539011aa7842b2d8e\",\"name\":\"Francisco C\u00e1rdenas\",\"image\":{\"@type\":\"ImageObject\",\"inLanguage\":\"es\",\"@id\":\"https:\/\/secure.gravatar.com\/avatar\/24dc2127d48b77bac6a65c390724897408956382d86140ad2c0a880a61cc76b3?s=96&d=mm&r=g\",\"url\":\"https:\/\/secure.gravatar.com\/avatar\/24dc2127d48b77bac6a65c390724897408956382d86140ad2c0a880a61cc76b3?s=96&d=mm&r=g\",\"contentUrl\":\"https:\/\/secure.gravatar.com\/avatar\/24dc2127d48b77bac6a65c390724897408956382d86140ad2c0a880a61cc76b3?s=96&d=mm&r=g\",\"caption\":\"Francisco C\u00e1rdenas\"},\"url\":\"https:\/\/touridiomas.com\/site\/author\/franciscocardenas\/\"}]}<\/script>\n<!-- \/ Yoast SEO Premium plugin. -->","yoast_head_json":{"title":"Becas y ayudas en Espa\u00f1a - Tour Idiomas","description":"La Fundaci\u00f3n Carolina ha abierto la convocatoria 2016 - 2017 ofertando 607 becas y ayudas para estudiantes y profesionales iberoamericanos.","robots":{"index":"index","follow":"follow","max-snippet":"max-snippet:-1","max-image-preview":"max-image-preview:large","max-video-preview":"max-video-preview:-1"},"canonical":"https:\/\/touridiomas.com\/site\/becas-y-ayudas-en-espana\/","og_locale":"es_MX","og_type":"article","og_title":"Becas y ayudas en Espa\u00f1a","og_description":"La Fundaci\u00f3n Carolina ha abierto la convocatoria 2016 - 2017 ofertando 607 becas y ayudas para estudiantes y profesionales iberoamericanos.","og_url":"https:\/\/touridiomas.com\/site\/becas-y-ayudas-en-espana\/","og_site_name":"Tour Idiomas","article_publisher":"https:\/\/www.facebook.com\/TourIdiomas","article_published_time":"2015-12-02T23:40:22+00:00","article_modified_time":"2016-03-27T19:02:54+00:00","og_image":[{"width":420,"height":280,"url":"https:\/\/touridiomas.com\/site\/wp-content\/uploads\/becas-y-ayudas-tuor-idiomas.jpg","type":"image\/jpeg"}],"author":"Francisco C\u00e1rdenas","twitter_card":"summary_large_image","twitter_creator":"@TourIdiomas","twitter_site":"@TourIdiomas","twitter_misc":{"Escrito por":"Francisco C\u00e1rdenas","Tiempo de lectura":"2 minutos"},"schema":{"@context":"https:\/\/schema.org","@graph":[{"@type":"Article","@id":"https:\/\/touridiomas.com\/site\/becas-y-ayudas-en-espana\/#article","isPartOf":{"@id":"https:\/\/touridiomas.com\/site\/becas-y-ayudas-en-espana\/"},"author":{"name":"Francisco C\u00e1rdenas","@id":"https:\/\/touridiomas.com\/site\/#\/schema\/person\/e0cf8bab193b964539011aa7842b2d8e"},"headline":"Becas y ayudas en Espa\u00f1a","datePublished":"2015-12-02T23:40:22+00:00","dateModified":"2016-03-27T19:02:54+00:00","mainEntityOfPage":{"@id":"https:\/\/touridiomas.com\/site\/becas-y-ayudas-en-espana\/"},"wordCount":361,"publisher":{"@id":"https:\/\/touridiomas.com\/site\/#organization"},"image":{"@id":"https:\/\/touridiomas.com\/site\/becas-y-ayudas-en-espana\/#primaryimage"},"thumbnailUrl":"https:\/\/touridiomas.com\/site\/wp-content\/uploads\/becas-y-ayudas-tuor-idiomas.jpg","keywords":["Becas","Espa\u00f1a"],"articleSection":["Novedades"],"inLanguage":"es"},{"@type":"WebPage","@id":"https:\/\/touridiomas.com\/site\/becas-y-ayudas-en-espana\/","url":"https:\/\/touridiomas.com\/site\/becas-y-ayudas-en-espana\/","name":"Becas y ayudas en Espa\u00f1a - Tour Idiomas","isPartOf":{"@id":"https:\/\/touridiomas.com\/site\/#website"},"primaryImageOfPage":{"@id":"https:\/\/touridiomas.com\/site\/becas-y-ayudas-en-espana\/#primaryimage"},"image":{"@id":"https:\/\/touridiomas.com\/site\/becas-y-ayudas-en-espana\/#primaryimage"},"thumbnailUrl":"https:\/\/touridiomas.com\/site\/wp-content\/uploads\/becas-y-ayudas-tuor-idiomas.jpg","datePublished":"2015-12-02T23:40:22+00:00","dateModified":"2016-03-27T19:02:54+00:00","description":"La Fundaci\u00f3n Carolina ha abierto la convocatoria 2016 - 2017 ofertando 607 becas y ayudas para estudiantes y profesionales iberoamericanos.","breadcrumb":{"@id":"https:\/\/touridiomas.com\/site\/becas-y-ayudas-en-espana\/#breadcrumb"},"inLanguage":"es","potentialAction":[{"@type":"ReadAction","target":["https:\/\/touridiomas.com\/site\/becas-y-ayudas-en-espana\/"]}]},{"@type":"ImageObject","inLanguage":"es","@id":"https:\/\/touridiomas.com\/site\/becas-y-ayudas-en-espana\/#primaryimage","url":"https:\/\/touridiomas.com\/site\/wp-content\/uploads\/becas-y-ayudas-tuor-idiomas.jpg","contentUrl":"https:\/\/touridiomas.com\/site\/wp-content\/uploads\/becas-y-ayudas-tuor-idiomas.jpg","width":420,"height":280,"caption":"becas y ayudas en Espa\u00f1a"},{"@type":"BreadcrumbList","@id":"https:\/\/touridiomas.com\/site\/becas-y-ayudas-en-espana\/#breadcrumb","itemListElement":[{"@type":"ListItem","position":1,"name":"Home","item":"https:\/\/touridiomas.com\/site\/"},{"@type":"ListItem","position":2,"name":"Becas y ayudas en Espa\u00f1a"}]},{"@type":"WebSite","@id":"https:\/\/touridiomas.com\/site\/#website","url":"https:\/\/touridiomas.com\/site\/","name":"Tour Idiomas","description":"Estudios en el Exterior","publisher":{"@id":"https:\/\/touridiomas.com\/site\/#organization"},"potentialAction":[{"@type":"SearchAction","target":{"@type":"EntryPoint","urlTemplate":"https:\/\/touridiomas.com\/site\/?s={search_term_string}"},"query-input":{"@type":"PropertyValueSpecification","valueRequired":true,"valueName":"search_term_string"}}],"inLanguage":"es"},{"@type":"Organization","@id":"https:\/\/touridiomas.com\/site\/#organization","name":"Tour Idiomas","url":"https:\/\/touridiomas.com\/site\/","logo":{"@type":"ImageObject","inLanguage":"es","@id":"https:\/\/touridiomas.com\/site\/#\/schema\/logo\/image\/","url":"https:\/\/touridiomas.com\/site\/wp-content\/uploads\/logo-tour-idiomas.jpg","contentUrl":"https:\/\/touridiomas.com\/site\/wp-content\/uploads\/logo-tour-idiomas.jpg","width":400,"height":80,"caption":"Tour Idiomas"},"image":{"@id":"https:\/\/touridiomas.com\/site\/#\/schema\/logo\/image\/"},"sameAs":["https:\/\/www.facebook.com\/TourIdiomas","https:\/\/x.com\/TourIdiomas","https:\/\/www.instagram.com\/touridiomas\/","https:\/\/www.youtube.com\/user\/TourIdiomas"]},{"@type":"Person","@id":"https:\/\/touridiomas.com\/site\/#\/schema\/person\/e0cf8bab193b964539011aa7842b2d8e","name":"Francisco C\u00e1rdenas","image":{"@type":"ImageObject","inLanguage":"es","@id":"https:\/\/secure.gravatar.com\/avatar\/24dc2127d48b77bac6a65c390724897408956382d86140ad2c0a880a61cc76b3?s=96&d=mm&r=g","url":"https:\/\/secure.gravatar.com\/avatar\/24dc2127d48b77bac6a65c390724897408956382d86140ad2c0a880a61cc76b3?s=96&d=mm&r=g","contentUrl":"https:\/\/secure.gravatar.com\/avatar\/24dc2127d48b77bac6a65c390724897408956382d86140ad2c0a880a61cc76b3?s=96&d=mm&r=g","caption":"Francisco C\u00e1rdenas"},"url":"https:\/\/touridiomas.com\/site\/author\/franciscocardenas\/"}]}},"_links":{"self":[{"href":"https:\/\/touridiomas.com\/site\/wp-json\/wp\/v2\/posts\/10697","targetHints":{"allow":["GET"]}}],"collection":[{"href":"https:\/\/touridiomas.com\/site\/wp-json\/wp\/v2\/posts"}],"about":[{"href":"https:\/\/touridiomas.com\/site\/wp-json\/wp\/v2\/types\/post"}],"author":[{"embeddable":true,"href":"https:\/\/touridiomas.com\/site\/wp-json\/wp\/v2\/users\/2"}],"replies":[{"embeddable":true,"href":"https:\/\/touridiomas.com\/site\/wp-json\/wp\/v2\/comments?post=10697"}],"version-history":[{"count":0,"href":"https:\/\/touridiomas.com\/site\/wp-json\/wp\/v2\/posts\/10697\/revisions"}],"wp:featuredmedia":[{"embeddable":true,"href":"https:\/\/touridiomas.com\/site\/wp-json\/wp\/v2\/media\/11252"}],"wp:attachment":[{"href":"https:\/\/touridiomas.com\/site\/wp-json\/wp\/v2\/media?parent=10697"}],"wp:term":[{"taxonomy":"category","embeddable":true,"href":"https:\/\/touridiomas.com\/site\/wp-json\/wp\/v2\/categories?post=10697"},{"taxonomy":"post_tag","embeddable":true,"href":"https:\/\/touridiomas.com\/site\/wp-json\/wp\/v2\/tags?post=10697"}],"curies":[{"name":"wp","href":"https:\/\/api.w.org\/{rel}","templated":true}]}}