{"id":19839,"date":"2018-11-21T11:36:47","date_gmt":"2018-11-21T16:36:47","guid":{"rendered":"http:\/\/touridiomas.com\/site\/?p=19839"},"modified":"2019-01-04T16:38:02","modified_gmt":"2019-01-04T21:38:02","slug":"black-friday-en-todos-los-centros-ec","status":"publish","type":"post","link":"https:\/\/touridiomas.com\/site\/black-friday-en-todos-los-centros-ec\/","title":{"rendered":"Black Friday en todos los centros EC"},"content":{"rendered":"<div class=\"wpb-content-wrapper\"><p><strong>Black friday &amp; monday EC.<\/strong> <em><strong>Disfruta de un 35% de descuento en la matr\u00edcula en todos los centros de EC y no pagas registro!<\/strong><\/em><br \/>\nOfertas v\u00e1lidas del 23 hasta 26 de Noviembre.<\/p>\n<p style=\"text-align: center;\"><span style=\"font-size: 24px;\"><strong><img fetchpriority=\"high\" decoding=\"async\" class=\"size-full wp-image-19840 aligncenter\" src=\"http:\/\/touridiomas.com\/site\/wp-content\/uploads\/EC-Balck-Friday.jpg\" alt=\"\" width=\"400\" height=\"220\" srcset=\"https:\/\/touridiomas.com\/site\/wp-content\/uploads\/EC-Balck-Friday.jpg 400w, https:\/\/touridiomas.com\/site\/wp-content\/uploads\/EC-Balck-Friday-300x165.jpg 300w\" sizes=\"(max-width: 400px) 100vw, 400px\" \/><\/strong><\/span><\/p>\n<p style=\"text-align: center;\"><span style=\"font-size: 24px;\"><strong>En TODOS los centros EC*<\/strong><\/span><\/p>\n<p style=\"text-align: center;\"><span style=\"font-size: 24px;\"><strong>Fee de registro GRATIS<\/strong><\/span><br \/>\n<span style=\"font-size: 24px;\"><strong>35% de descuento*<\/strong><\/span><\/p>\n<p style=\"text-align: center;\"><span style=\"font-size: 24px;\"><strong>Cursos que comiencen en 2018 e 2019!<\/strong><\/span><\/p>\n<p><!--more--><\/p>\n<p><span style=\"font-size: 12px;\">* T\u00c9RMINOS Y CONDICIONES:<\/span><br \/>\n<span style=\"font-size: 12px;\">\u2022 *En EC Dubl\u00edn y EC Dubl\u00edn 30+, la oferta se aplica a los cursos hasta 24 semanas. Para el programa Study &amp; Work (25+ semanas), se<\/span><br \/>\n<span style=\"font-size: 12px;\">aplica 25% de descuento.<\/span><br \/>\n<span style=\"font-size: 12px;\">\u2022 Ofertas v\u00e1lidas para registros recibidos del 23 de Noviembre hasta el 26 de Noviembre de 2018, para cursos iniciando en 2018 y<\/span><br \/>\n<span style=\"font-size: 12px;\">2019. <\/span><br \/>\n<span style=\"font-size: 12px;\">\u2022 Esta promoci\u00f3n no es acumulativa; no coincide con las dem\u00e1s promociones vigentes.<\/span><br \/>\n<span style=\"font-size: 12px;\">\u2022 En los suplementos de verano se aplicar\u00e1n los descuentos de esta oferta.<\/span><br \/>\n<span style=\"font-size: 12px;\">\u2022 Las tarifas y los suplementos se deben aplicar de acuerdo con la tarifa vigente.<\/span><br \/>\n<span style=\"font-size: 12px;\">\u2022 V\u00e1lido para los programas GE20, GE24, GE30, A\u00f1o\/Semestre Acad\u00e9mico o de Negocios, Preparaci\u00f3n de Ex\u00e1menes, HigherScore\u00ae IELTS\/ TOEFL\/-<\/span><br \/>\n<span style=\"font-size: 12px;\">TOEIC, Ingl\u00e9s para el trabajo. No aplica para Young Learners, Club 50, clases privadas Uno a Uno, en Mini Grupos.<\/span><br \/>\n<span style=\"font-size: 12px;\">\u2022 Sujeto a disponibilidad en el momento de la confirmaci\u00f3n del registro.<\/span><br \/>\n<span style=\"font-size: 12px;\">\u2022 El pago total del curso deber\u00e1 realizarse m\u00ednimo dos semanas antes de la fecha de inicio.<\/span><br \/>\n<span style=\"font-size: 12px;\">\u2022 En el caso de una devoluci\u00f3n de dinero (refunds) aplicar\u00e1n cargos estipulados en nuestros t\u00e9rminos y condiciones.<\/span>[vc_row][vc_column][vc_btn title=&#8221;Solicita una cotizaci\u00f3n&#8221; color=&#8221;sky&#8221; link=&#8221;url:http%3A%2F%2Ftouridiomas.com%2Fsite%2Fcontacto%2F|||&#8221;][\/vc_column][\/vc_row]\n<\/div>","protected":false},"excerpt":{"rendered":"<p>Black friday &amp; monday EC. Disfruta de un 35% de descuento en la matr\u00edcula en todos los centros de EC y no pagas registro! Ofertas v\u00e1lidas del 23 hasta 26 de Noviembre. En TODOS los centros EC* Fee de registro GRATIS 35% de descuento* Cursos que comiencen en 2018 e 2019!<\/p>\n","protected":false},"author":2,"featured_media":19840,"comment_status":"closed","ping_status":"closed","sticky":false,"template":"","format":"standard","meta":{"footnotes":""},"categories":[1],"tags":[],"class_list":["post-19839","post","type-post","status-publish","format-standard","has-post-thumbnail","hentry","category-uncategorized"],"yoast_head":"<!-- This site is optimized with the Yoast SEO Premium plugin v27.2 (Yoast SEO v27.2) - https:\/\/yoast.com\/product\/yoast-seo-premium-wordpress\/ -->\n<title>Black Friday en todos los centros EC - Tour Idiomas<\/title>\n<meta name=\"description\" content=\"Black friday &amp; monday EC. Disfruta de un 35% de descuento en la matr\u00edcula en todos los centros de EC y no pagas registro!Ofertas v\u00e1lidas del 23 hasta 26 de Noviembre. En TODOS los centros EC. Registro GRATIS y 35% de descuento. V\u00e1lido para cursos que comiencen en 2018 e 2019\" \/>\n<meta name=\"robots\" content=\"index, follow, max-snippet:-1, max-image-preview:large, max-video-preview:-1\" \/>\n<link rel=\"canonical\" href=\"https:\/\/touridiomas.com\/site\/black-friday-en-todos-los-centros-ec\/\" \/>\n<meta property=\"og:locale\" content=\"es_MX\" \/>\n<meta property=\"og:type\" content=\"article\" \/>\n<meta property=\"og:title\" content=\"Black Friday en todos los centros EC\" \/>\n<meta property=\"og:description\" content=\"Black friday &amp; monday EC. Disfruta de un 35% de descuento en la matr\u00edcula en todos los centros de EC y no pagas registro!Ofertas v\u00e1lidas del 23 hasta 26 de Noviembre. En TODOS los centros EC. Registro GRATIS y 35% de descuento. V\u00e1lido para cursos que comiencen en 2018 e 2019\" \/>\n<meta property=\"og:url\" content=\"https:\/\/touridiomas.com\/site\/black-friday-en-todos-los-centros-ec\/\" \/>\n<meta property=\"og:site_name\" content=\"Tour Idiomas\" \/>\n<meta property=\"article:publisher\" content=\"https:\/\/www.facebook.com\/TourIdiomas\" \/>\n<meta property=\"article:published_time\" content=\"2018-11-21T16:36:47+00:00\" \/>\n<meta property=\"article:modified_time\" content=\"2019-01-04T21:38:02+00:00\" \/>\n<meta property=\"og:image\" content=\"https:\/\/touridiomas.com\/site\/wp-content\/uploads\/EC-Balck-Friday.jpg\" \/>\n\t<meta property=\"og:image:width\" content=\"400\" \/>\n\t<meta property=\"og:image:height\" content=\"220\" \/>\n\t<meta property=\"og:image:type\" content=\"image\/jpeg\" \/>\n<meta name=\"author\" content=\"Francisco C\u00e1rdenas\" \/>\n<meta name=\"twitter:card\" content=\"summary_large_image\" \/>\n<meta name=\"twitter:creator\" content=\"@TourIdiomas\" \/>\n<meta name=\"twitter:site\" content=\"@TourIdiomas\" \/>\n<meta name=\"twitter:label1\" content=\"Escrito por\" \/>\n\t<meta name=\"twitter:data1\" content=\"Francisco C\u00e1rdenas\" \/>\n\t<meta name=\"twitter:label2\" content=\"Tiempo de lectura\" \/>\n\t<meta name=\"twitter:data2\" content=\"1 minuto\" \/>\n<script type=\"application\/ld+json\" class=\"yoast-schema-graph\">{\"@context\":\"https:\/\/schema.org\",\"@graph\":[{\"@type\":\"Article\",\"@id\":\"https:\/\/touridiomas.com\/site\/black-friday-en-todos-los-centros-ec\/#article\",\"isPartOf\":{\"@id\":\"https:\/\/touridiomas.com\/site\/black-friday-en-todos-los-centros-ec\/\"},\"author\":{\"name\":\"Francisco C\u00e1rdenas\",\"@id\":\"https:\/\/touridiomas.com\/site\/#\/schema\/person\/e0cf8bab193b964539011aa7842b2d8e\"},\"headline\":\"Black Friday en todos los centros EC\",\"datePublished\":\"2018-11-21T16:36:47+00:00\",\"dateModified\":\"2019-01-04T21:38:02+00:00\",\"mainEntityOfPage\":{\"@id\":\"https:\/\/touridiomas.com\/site\/black-friday-en-todos-los-centros-ec\/\"},\"wordCount\":267,\"publisher\":{\"@id\":\"https:\/\/touridiomas.com\/site\/#organization\"},\"image\":{\"@id\":\"https:\/\/touridiomas.com\/site\/black-friday-en-todos-los-centros-ec\/#primaryimage\"},\"thumbnailUrl\":\"https:\/\/touridiomas.com\/site\/wp-content\/uploads\/EC-Balck-Friday.jpg\",\"articleSection\":[\"Uncategorized\"],\"inLanguage\":\"es\"},{\"@type\":\"WebPage\",\"@id\":\"https:\/\/touridiomas.com\/site\/black-friday-en-todos-los-centros-ec\/\",\"url\":\"https:\/\/touridiomas.com\/site\/black-friday-en-todos-los-centros-ec\/\",\"name\":\"Black Friday en todos los centros EC - Tour Idiomas\",\"isPartOf\":{\"@id\":\"https:\/\/touridiomas.com\/site\/#website\"},\"primaryImageOfPage\":{\"@id\":\"https:\/\/touridiomas.com\/site\/black-friday-en-todos-los-centros-ec\/#primaryimage\"},\"image\":{\"@id\":\"https:\/\/touridiomas.com\/site\/black-friday-en-todos-los-centros-ec\/#primaryimage\"},\"thumbnailUrl\":\"https:\/\/touridiomas.com\/site\/wp-content\/uploads\/EC-Balck-Friday.jpg\",\"datePublished\":\"2018-11-21T16:36:47+00:00\",\"dateModified\":\"2019-01-04T21:38:02+00:00\",\"description\":\"Black friday & monday EC. Disfruta de un 35% de descuento en la matr\u00edcula en todos los centros de EC y no pagas registro!Ofertas v\u00e1lidas del 23 hasta 26 de Noviembre. En TODOS los centros EC. Registro GRATIS y 35% de descuento. V\u00e1lido para cursos que comiencen en 2018 e 2019\",\"breadcrumb\":{\"@id\":\"https:\/\/touridiomas.com\/site\/black-friday-en-todos-los-centros-ec\/#breadcrumb\"},\"inLanguage\":\"es\",\"potentialAction\":[{\"@type\":\"ReadAction\",\"target\":[\"https:\/\/touridiomas.com\/site\/black-friday-en-todos-los-centros-ec\/\"]}]},{\"@type\":\"ImageObject\",\"inLanguage\":\"es\",\"@id\":\"https:\/\/touridiomas.com\/site\/black-friday-en-todos-los-centros-ec\/#primaryimage\",\"url\":\"https:\/\/touridiomas.com\/site\/wp-content\/uploads\/EC-Balck-Friday.jpg\",\"contentUrl\":\"https:\/\/touridiomas.com\/site\/wp-content\/uploads\/EC-Balck-Friday.jpg\",\"width\":400,\"height\":220},{\"@type\":\"BreadcrumbList\",\"@id\":\"https:\/\/touridiomas.com\/site\/black-friday-en-todos-los-centros-ec\/#breadcrumb\",\"itemListElement\":[{\"@type\":\"ListItem\",\"position\":1,\"name\":\"Home\",\"item\":\"https:\/\/touridiomas.com\/site\/\"},{\"@type\":\"ListItem\",\"position\":2,\"name\":\"Black Friday en todos los centros EC\"}]},{\"@type\":\"WebSite\",\"@id\":\"https:\/\/touridiomas.com\/site\/#website\",\"url\":\"https:\/\/touridiomas.com\/site\/\",\"name\":\"Tour Idiomas\",\"description\":\"Estudios en el Exterior\",\"publisher\":{\"@id\":\"https:\/\/touridiomas.com\/site\/#organization\"},\"potentialAction\":[{\"@type\":\"SearchAction\",\"target\":{\"@type\":\"EntryPoint\",\"urlTemplate\":\"https:\/\/touridiomas.com\/site\/?s={search_term_string}\"},\"query-input\":{\"@type\":\"PropertyValueSpecification\",\"valueRequired\":true,\"valueName\":\"search_term_string\"}}],\"inLanguage\":\"es\"},{\"@type\":\"Organization\",\"@id\":\"https:\/\/touridiomas.com\/site\/#organization\",\"name\":\"Tour Idiomas\",\"url\":\"https:\/\/touridiomas.com\/site\/\",\"logo\":{\"@type\":\"ImageObject\",\"inLanguage\":\"es\",\"@id\":\"https:\/\/touridiomas.com\/site\/#\/schema\/logo\/image\/\",\"url\":\"https:\/\/touridiomas.com\/site\/wp-content\/uploads\/logo-tour-idiomas.jpg\",\"contentUrl\":\"https:\/\/touridiomas.com\/site\/wp-content\/uploads\/logo-tour-idiomas.jpg\",\"width\":400,\"height\":80,\"caption\":\"Tour Idiomas\"},\"image\":{\"@id\":\"https:\/\/touridiomas.com\/site\/#\/schema\/logo\/image\/\"},\"sameAs\":[\"https:\/\/www.facebook.com\/TourIdiomas\",\"https:\/\/x.com\/TourIdiomas\",\"https:\/\/www.instagram.com\/touridiomas\/\",\"https:\/\/www.youtube.com\/user\/TourIdiomas\"]},{\"@type\":\"Person\",\"@id\":\"https:\/\/touridiomas.com\/site\/#\/schema\/person\/e0cf8bab193b964539011aa7842b2d8e\",\"name\":\"Francisco C\u00e1rdenas\",\"image\":{\"@type\":\"ImageObject\",\"inLanguage\":\"es\",\"@id\":\"https:\/\/secure.gravatar.com\/avatar\/24dc2127d48b77bac6a65c390724897408956382d86140ad2c0a880a61cc76b3?s=96&d=mm&r=g\",\"url\":\"https:\/\/secure.gravatar.com\/avatar\/24dc2127d48b77bac6a65c390724897408956382d86140ad2c0a880a61cc76b3?s=96&d=mm&r=g\",\"contentUrl\":\"https:\/\/secure.gravatar.com\/avatar\/24dc2127d48b77bac6a65c390724897408956382d86140ad2c0a880a61cc76b3?s=96&d=mm&r=g\",\"caption\":\"Francisco C\u00e1rdenas\"},\"url\":\"https:\/\/touridiomas.com\/site\/author\/franciscocardenas\/\"}]}<\/script>\n<!-- \/ Yoast SEO Premium plugin. -->","yoast_head_json":{"title":"Black Friday en todos los centros EC - Tour Idiomas","description":"Black friday & monday EC. Disfruta de un 35% de descuento en la matr\u00edcula en todos los centros de EC y no pagas registro!Ofertas v\u00e1lidas del 23 hasta 26 de Noviembre. En TODOS los centros EC. Registro GRATIS y 35% de descuento. V\u00e1lido para cursos que comiencen en 2018 e 2019","robots":{"index":"index","follow":"follow","max-snippet":"max-snippet:-1","max-image-preview":"max-image-preview:large","max-video-preview":"max-video-preview:-1"},"canonical":"https:\/\/touridiomas.com\/site\/black-friday-en-todos-los-centros-ec\/","og_locale":"es_MX","og_type":"article","og_title":"Black Friday en todos los centros EC","og_description":"Black friday & monday EC. Disfruta de un 35% de descuento en la matr\u00edcula en todos los centros de EC y no pagas registro!Ofertas v\u00e1lidas del 23 hasta 26 de Noviembre. En TODOS los centros EC. Registro GRATIS y 35% de descuento. V\u00e1lido para cursos que comiencen en 2018 e 2019","og_url":"https:\/\/touridiomas.com\/site\/black-friday-en-todos-los-centros-ec\/","og_site_name":"Tour Idiomas","article_publisher":"https:\/\/www.facebook.com\/TourIdiomas","article_published_time":"2018-11-21T16:36:47+00:00","article_modified_time":"2019-01-04T21:38:02+00:00","og_image":[{"width":400,"height":220,"url":"https:\/\/touridiomas.com\/site\/wp-content\/uploads\/EC-Balck-Friday.jpg","type":"image\/jpeg"}],"author":"Francisco C\u00e1rdenas","twitter_card":"summary_large_image","twitter_creator":"@TourIdiomas","twitter_site":"@TourIdiomas","twitter_misc":{"Escrito por":"Francisco C\u00e1rdenas","Tiempo de lectura":"1 minuto"},"schema":{"@context":"https:\/\/schema.org","@graph":[{"@type":"Article","@id":"https:\/\/touridiomas.com\/site\/black-friday-en-todos-los-centros-ec\/#article","isPartOf":{"@id":"https:\/\/touridiomas.com\/site\/black-friday-en-todos-los-centros-ec\/"},"author":{"name":"Francisco C\u00e1rdenas","@id":"https:\/\/touridiomas.com\/site\/#\/schema\/person\/e0cf8bab193b964539011aa7842b2d8e"},"headline":"Black Friday en todos los centros EC","datePublished":"2018-11-21T16:36:47+00:00","dateModified":"2019-01-04T21:38:02+00:00","mainEntityOfPage":{"@id":"https:\/\/touridiomas.com\/site\/black-friday-en-todos-los-centros-ec\/"},"wordCount":267,"publisher":{"@id":"https:\/\/touridiomas.com\/site\/#organization"},"image":{"@id":"https:\/\/touridiomas.com\/site\/black-friday-en-todos-los-centros-ec\/#primaryimage"},"thumbnailUrl":"https:\/\/touridiomas.com\/site\/wp-content\/uploads\/EC-Balck-Friday.jpg","articleSection":["Uncategorized"],"inLanguage":"es"},{"@type":"WebPage","@id":"https:\/\/touridiomas.com\/site\/black-friday-en-todos-los-centros-ec\/","url":"https:\/\/touridiomas.com\/site\/black-friday-en-todos-los-centros-ec\/","name":"Black Friday en todos los centros EC - Tour Idiomas","isPartOf":{"@id":"https:\/\/touridiomas.com\/site\/#website"},"primaryImageOfPage":{"@id":"https:\/\/touridiomas.com\/site\/black-friday-en-todos-los-centros-ec\/#primaryimage"},"image":{"@id":"https:\/\/touridiomas.com\/site\/black-friday-en-todos-los-centros-ec\/#primaryimage"},"thumbnailUrl":"https:\/\/touridiomas.com\/site\/wp-content\/uploads\/EC-Balck-Friday.jpg","datePublished":"2018-11-21T16:36:47+00:00","dateModified":"2019-01-04T21:38:02+00:00","description":"Black friday & monday EC. Disfruta de un 35% de descuento en la matr\u00edcula en todos los centros de EC y no pagas registro!Ofertas v\u00e1lidas del 23 hasta 26 de Noviembre. En TODOS los centros EC. Registro GRATIS y 35% de descuento. V\u00e1lido para cursos que comiencen en 2018 e 2019","breadcrumb":{"@id":"https:\/\/touridiomas.com\/site\/black-friday-en-todos-los-centros-ec\/#breadcrumb"},"inLanguage":"es","potentialAction":[{"@type":"ReadAction","target":["https:\/\/touridiomas.com\/site\/black-friday-en-todos-los-centros-ec\/"]}]},{"@type":"ImageObject","inLanguage":"es","@id":"https:\/\/touridiomas.com\/site\/black-friday-en-todos-los-centros-ec\/#primaryimage","url":"https:\/\/touridiomas.com\/site\/wp-content\/uploads\/EC-Balck-Friday.jpg","contentUrl":"https:\/\/touridiomas.com\/site\/wp-content\/uploads\/EC-Balck-Friday.jpg","width":400,"height":220},{"@type":"BreadcrumbList","@id":"https:\/\/touridiomas.com\/site\/black-friday-en-todos-los-centros-ec\/#breadcrumb","itemListElement":[{"@type":"ListItem","position":1,"name":"Home","item":"https:\/\/touridiomas.com\/site\/"},{"@type":"ListItem","position":2,"name":"Black Friday en todos los centros EC"}]},{"@type":"WebSite","@id":"https:\/\/touridiomas.com\/site\/#website","url":"https:\/\/touridiomas.com\/site\/","name":"Tour Idiomas","description":"Estudios en el Exterior","publisher":{"@id":"https:\/\/touridiomas.com\/site\/#organization"},"potentialAction":[{"@type":"SearchAction","target":{"@type":"EntryPoint","urlTemplate":"https:\/\/touridiomas.com\/site\/?s={search_term_string}"},"query-input":{"@type":"PropertyValueSpecification","valueRequired":true,"valueName":"search_term_string"}}],"inLanguage":"es"},{"@type":"Organization","@id":"https:\/\/touridiomas.com\/site\/#organization","name":"Tour Idiomas","url":"https:\/\/touridiomas.com\/site\/","logo":{"@type":"ImageObject","inLanguage":"es","@id":"https:\/\/touridiomas.com\/site\/#\/schema\/logo\/image\/","url":"https:\/\/touridiomas.com\/site\/wp-content\/uploads\/logo-tour-idiomas.jpg","contentUrl":"https:\/\/touridiomas.com\/site\/wp-content\/uploads\/logo-tour-idiomas.jpg","width":400,"height":80,"caption":"Tour Idiomas"},"image":{"@id":"https:\/\/touridiomas.com\/site\/#\/schema\/logo\/image\/"},"sameAs":["https:\/\/www.facebook.com\/TourIdiomas","https:\/\/x.com\/TourIdiomas","https:\/\/www.instagram.com\/touridiomas\/","https:\/\/www.youtube.com\/user\/TourIdiomas"]},{"@type":"Person","@id":"https:\/\/touridiomas.com\/site\/#\/schema\/person\/e0cf8bab193b964539011aa7842b2d8e","name":"Francisco C\u00e1rdenas","image":{"@type":"ImageObject","inLanguage":"es","@id":"https:\/\/secure.gravatar.com\/avatar\/24dc2127d48b77bac6a65c390724897408956382d86140ad2c0a880a61cc76b3?s=96&d=mm&r=g","url":"https:\/\/secure.gravatar.com\/avatar\/24dc2127d48b77bac6a65c390724897408956382d86140ad2c0a880a61cc76b3?s=96&d=mm&r=g","contentUrl":"https:\/\/secure.gravatar.com\/avatar\/24dc2127d48b77bac6a65c390724897408956382d86140ad2c0a880a61cc76b3?s=96&d=mm&r=g","caption":"Francisco C\u00e1rdenas"},"url":"https:\/\/touridiomas.com\/site\/author\/franciscocardenas\/"}]}},"_links":{"self":[{"href":"https:\/\/touridiomas.com\/site\/wp-json\/wp\/v2\/posts\/19839","targetHints":{"allow":["GET"]}}],"collection":[{"href":"https:\/\/touridiomas.com\/site\/wp-json\/wp\/v2\/posts"}],"about":[{"href":"https:\/\/touridiomas.com\/site\/wp-json\/wp\/v2\/types\/post"}],"author":[{"embeddable":true,"href":"https:\/\/touridiomas.com\/site\/wp-json\/wp\/v2\/users\/2"}],"replies":[{"embeddable":true,"href":"https:\/\/touridiomas.com\/site\/wp-json\/wp\/v2\/comments?post=19839"}],"version-history":[{"count":2,"href":"https:\/\/touridiomas.com\/site\/wp-json\/wp\/v2\/posts\/19839\/revisions"}],"predecessor-version":[{"id":19845,"href":"https:\/\/touridiomas.com\/site\/wp-json\/wp\/v2\/posts\/19839\/revisions\/19845"}],"wp:featuredmedia":[{"embeddable":true,"href":"https:\/\/touridiomas.com\/site\/wp-json\/wp\/v2\/media\/19840"}],"wp:attachment":[{"href":"https:\/\/touridiomas.com\/site\/wp-json\/wp\/v2\/media?parent=19839"}],"wp:term":[{"taxonomy":"category","embeddable":true,"href":"https:\/\/touridiomas.com\/site\/wp-json\/wp\/v2\/categories?post=19839"},{"taxonomy":"post_tag","embeddable":true,"href":"https:\/\/touridiomas.com\/site\/wp-json\/wp\/v2\/tags?post=19839"}],"curies":[{"name":"wp","href":"https:\/\/api.w.org\/{rel}","templated":true}]}}