{"id":21230,"date":"2020-11-06T18:00:03","date_gmt":"2020-11-06T23:00:03","guid":{"rendered":"https:\/\/touridiomas.com\/site\/?p=21230"},"modified":"2020-11-09T11:59:48","modified_gmt":"2020-11-09T16:59:48","slug":"el-gobierno-de-canada-anuncia-un-plan-para-apoyar-la-recuperacion-economica-a-traves-de-la-inmigracion","status":"publish","type":"post","link":"https:\/\/touridiomas.com\/site\/el-gobierno-de-canada-anuncia-un-plan-para-apoyar-la-recuperacion-economica-a-traves-de-la-inmigracion\/","title":{"rendered":"Canad\u00e1 anuncia que recibir\u00e1 a m\u00e1s de 1.2 millones de inmigrantes durante los pr\u00f3ximos 3 a\u00f1os"},"content":{"rendered":"<div class=\"wpb-content-wrapper\">[vc_row][vc_column][vc_empty_space][\/vc_column][\/vc_row]\n<p>Desde este 30 de octubre el ministro de Inmigraci\u00f3n, refugiados y ciudadan\u00eda dio a conocer el plan de migraci\u00f3n para 2021-2023, para nadie es un secreto la importancia de los migrantes para Canad\u00e1 y que este 2020 hubo un d\u00e9ficit de migrantes por cuestiones de la pandemia.<\/p>\n[vc_row][vc_column]Aunque el IRCC (Immigration, Refugees and Citizenship Canada) sigui\u00f3 aceptando y procesando solicitudes durante la pandemia, los cierre de fronteras, las restricciones de viajes y, claro est\u00e1, los contagios llevaron a un d\u00e9ficit en las admisiones durante este a\u00f1o. Para compensar que Canad\u00e1 tenga los trabajadores que necesita en el mercado laboral y seguir teniendo una econom\u00eda competitiva a nivel mundial, el plan tiene como objetivo continuar recibiendo inmigrantes, 401.000 residentes permanentes en 2021, 411.000 en 2022 y 421.000 en 2023.<\/p>\n[vc_column_text]Si bien la salud y la protecci\u00f3n de los ciudadanos canadienses siguen siendo la principal prioridad, Canad\u00e1 seguir\u00e1 siguiendo los consejos de los funcionarios de salud para dar la bienvenida a los reci\u00e9n llegados.[\/vc_column_text][\/vc_column][\/vc_row][vc_row][vc_column][vc_single_image image=&#8221;21231&#8243; img_size=&#8221;full&#8221; alignment=&#8221;center&#8221;][\/vc_column][\/vc_row][vc_row][vc_column][vc_column_text]Los aspectos m\u00e1s destacados del plan incluyen:<\/p>\n<ul>\n<li>un aumento en las admisiones durante los 3 a\u00f1os del plan para compensar el d\u00e9ficit en 2020.<\/li>\n<li>un enfoque en el crecimiento econ\u00f3mico, con aproximadamente el 60% de las admisiones provenientes de la clase econ\u00f3mica.<\/li>\n<li>un enfoque continuo en enfoques innovadores e impulsados \u200b\u200bpor la comunidad para abordar las diversas necesidades laborales y demogr\u00e1ficas en todo el pa\u00eds.<\/li>\n<li>un compromiso renovado con la creaci\u00f3n de capacidad y la transformaci\u00f3n digital en el sistema de inmigraci\u00f3n de Canad\u00e1, para respaldar las operaciones y mitigar los impactos de COVID-19 en el procesamiento de solicitudes.<\/li>\n<li>Puntos adicionales para los candidatos de habla francesa bajo Express Entry, para promover el crecimiento de las comunidades franc\u00f3fonas fuera de Quebec.<\/li>\n<li>un compromiso de admitir hasta 500 refugiados durante los pr\u00f3ximos 2 a\u00f1os a trav\u00e9s del Proyecto de V\u00edas de Movilidad Econ\u00f3mica, un enfoque innovador que ayuda a los refugiados calificados a solicitar la residencia permanente a trav\u00e9s de las v\u00edas de inmigraci\u00f3n econ\u00f3mica existentes.<\/li>\n<li>un camino hacia la residencia permanente para solicitantes de asilo elegibles que estaban trabajando en la primera l\u00ednea de la pandemia entre el 13 de marzo y el 14 de agosto de 2020, brindando atenci\u00f3n directa a pacientes en instituciones de atenci\u00f3n m\u00e9dica.<\/li>\n<\/ul>\n[\/vc_column_text][vc_column_text]El Plan de Niveles de Inmigraci\u00f3n 2021-2023 ayudar\u00e1 a cimentar el lugar de Canad\u00e1 entre los principales destinos de talento del mundo, creando una base s\u00f3lida para el crecimiento econ\u00f3mico al mismo tiempo que re\u00fane a los miembros de la familia con sus seres queridos y cumple con los compromisos humanitarios de Canad\u00e1.[\/vc_column_text][\/vc_column][\/vc_row][vc_row][vc_column][vc_btn title=&#8221;Para la ultimas actualizaciones revisar la p\u00e1gina del gobierno de canad\u00e1&#8221; style=&#8221;flat&#8221; shape=&#8221;square&#8221; color=&#8221;violet&#8221; link=&#8221;url:https%3A%2F%2Fwww.canada.ca%2Fen.html|title:Government%20of%20Canada|target:_blank&#8221; css=&#8221;.vc_custom_1604703287342{background-color: #662483 !important;}&#8221;][\/vc_column][\/vc_row]\n<\/div>","protected":false},"excerpt":{"rendered":"<p>[vc_row][vc_column][vc_empty_space][\/vc_column][\/vc_row] Desde este 30 de octubre el ministro de Inmigraci\u00f3n, refugiados y ciudadan\u00eda dio a conocer el plan de migraci\u00f3n para 2021-2023, para nadie es un secreto la importancia de los migrantes para Canad\u00e1 y que este 2020 hubo un d\u00e9ficit de migrantes por cuestiones de la pandemia. [vc_row][vc_column]Aunque el IRCC (Immigration, Refugees and Citizenship [&hellip;]<\/p>\n","protected":false},"author":6,"featured_media":21231,"comment_status":"closed","ping_status":"closed","sticky":false,"template":"","format":"standard","meta":{"footnotes":""},"categories":[325],"tags":[340,5003],"class_list":["post-21230","post","type-post","status-publish","format-standard","has-post-thumbnail","hentry","category-blog","tag-canada","tag-migrar"],"yoast_head":"<!-- This site is optimized with the Yoast SEO Premium plugin v27.2 (Yoast SEO v27.2) - https:\/\/yoast.com\/product\/yoast-seo-premium-wordpress\/ -->\n<title>Canad\u00e1 anuncia que recibir\u00e1 a m\u00e1s de 1.2 millones de inmigrantes durante los pr\u00f3ximos 3 a\u00f1os - Tour Idiomas<\/title>\n<meta name=\"robots\" content=\"index, follow, max-snippet:-1, max-image-preview:large, max-video-preview:-1\" \/>\n<link rel=\"canonical\" href=\"https:\/\/touridiomas.com\/site\/el-gobierno-de-canada-anuncia-un-plan-para-apoyar-la-recuperacion-economica-a-traves-de-la-inmigracion\/\" \/>\n<meta property=\"og:locale\" content=\"es_MX\" \/>\n<meta property=\"og:type\" content=\"article\" \/>\n<meta property=\"og:title\" content=\"Canad\u00e1 anuncia que recibir\u00e1 a m\u00e1s de 1.2 millones de inmigrantes durante los pr\u00f3ximos 3 a\u00f1os\" \/>\n<meta property=\"og:description\" content=\"[vc_row][vc_column][vc_empty_space][\/vc_column][\/vc_row] Desde este 30 de octubre el ministro de Inmigraci\u00f3n, refugiados y ciudadan\u00eda dio a conocer el plan de migraci\u00f3n para 2021-2023, para nadie es un secreto la importancia de los migrantes para Canad\u00e1 y que este 2020 hubo un d\u00e9ficit de migrantes por cuestiones de la pandemia. [vc_row][vc_column]Aunque el IRCC (Immigration, Refugees and Citizenship [&hellip;]\" \/>\n<meta property=\"og:url\" content=\"https:\/\/touridiomas.com\/site\/el-gobierno-de-canada-anuncia-un-plan-para-apoyar-la-recuperacion-economica-a-traves-de-la-inmigracion\/\" \/>\n<meta property=\"og:site_name\" content=\"Tour Idiomas\" \/>\n<meta property=\"article:publisher\" content=\"https:\/\/www.facebook.com\/TourIdiomas\" \/>\n<meta property=\"article:published_time\" content=\"2020-11-06T23:00:03+00:00\" \/>\n<meta property=\"article:modified_time\" content=\"2020-11-09T16:59:48+00:00\" \/>\n<meta property=\"og:image\" content=\"https:\/\/touridiomas.com\/site\/wp-content\/uploads\/pexels-daniel-joseph-petty-756790-scaled.jpg\" \/>\n\t<meta property=\"og:image:width\" content=\"2560\" \/>\n\t<meta property=\"og:image:height\" content=\"1920\" \/>\n\t<meta property=\"og:image:type\" content=\"image\/jpeg\" \/>\n<meta name=\"author\" content=\"Community Mgr\" \/>\n<meta name=\"twitter:card\" content=\"summary_large_image\" \/>\n<meta name=\"twitter:creator\" content=\"@TourIdiomas\" \/>\n<meta name=\"twitter:site\" content=\"@TourIdiomas\" \/>\n<meta name=\"twitter:label1\" content=\"Escrito por\" \/>\n\t<meta name=\"twitter:data1\" content=\"Community Mgr\" \/>\n\t<meta name=\"twitter:label2\" content=\"Tiempo de lectura\" \/>\n\t<meta name=\"twitter:data2\" content=\"3 minutos\" \/>\n<script type=\"application\/ld+json\" class=\"yoast-schema-graph\">{\"@context\":\"https:\/\/schema.org\",\"@graph\":[{\"@type\":\"Article\",\"@id\":\"https:\/\/touridiomas.com\/site\/el-gobierno-de-canada-anuncia-un-plan-para-apoyar-la-recuperacion-economica-a-traves-de-la-inmigracion\/#article\",\"isPartOf\":{\"@id\":\"https:\/\/touridiomas.com\/site\/el-gobierno-de-canada-anuncia-un-plan-para-apoyar-la-recuperacion-economica-a-traves-de-la-inmigracion\/\"},\"author\":{\"name\":\"Community Mgr\",\"@id\":\"https:\/\/touridiomas.com\/site\/#\/schema\/person\/954f4bcc9f986e84484caccb8a7ced80\"},\"headline\":\"Canad\u00e1 anuncia que recibir\u00e1 a m\u00e1s de 1.2 millones de inmigrantes durante los pr\u00f3ximos 3 a\u00f1os\",\"datePublished\":\"2020-11-06T23:00:03+00:00\",\"dateModified\":\"2020-11-09T16:59:48+00:00\",\"mainEntityOfPage\":{\"@id\":\"https:\/\/touridiomas.com\/site\/el-gobierno-de-canada-anuncia-un-plan-para-apoyar-la-recuperacion-economica-a-traves-de-la-inmigracion\/\"},\"wordCount\":573,\"publisher\":{\"@id\":\"https:\/\/touridiomas.com\/site\/#organization\"},\"image\":{\"@id\":\"https:\/\/touridiomas.com\/site\/el-gobierno-de-canada-anuncia-un-plan-para-apoyar-la-recuperacion-economica-a-traves-de-la-inmigracion\/#primaryimage\"},\"thumbnailUrl\":\"https:\/\/touridiomas.com\/site\/wp-content\/uploads\/pexels-daniel-joseph-petty-756790-scaled.jpg\",\"keywords\":[\"Canad\u00e1\",\"Migrar\"],\"articleSection\":[\"Blog\"],\"inLanguage\":\"es\"},{\"@type\":\"WebPage\",\"@id\":\"https:\/\/touridiomas.com\/site\/el-gobierno-de-canada-anuncia-un-plan-para-apoyar-la-recuperacion-economica-a-traves-de-la-inmigracion\/\",\"url\":\"https:\/\/touridiomas.com\/site\/el-gobierno-de-canada-anuncia-un-plan-para-apoyar-la-recuperacion-economica-a-traves-de-la-inmigracion\/\",\"name\":\"Canad\u00e1 anuncia que recibir\u00e1 a m\u00e1s de 1.2 millones de inmigrantes durante los pr\u00f3ximos 3 a\u00f1os - Tour Idiomas\",\"isPartOf\":{\"@id\":\"https:\/\/touridiomas.com\/site\/#website\"},\"primaryImageOfPage\":{\"@id\":\"https:\/\/touridiomas.com\/site\/el-gobierno-de-canada-anuncia-un-plan-para-apoyar-la-recuperacion-economica-a-traves-de-la-inmigracion\/#primaryimage\"},\"image\":{\"@id\":\"https:\/\/touridiomas.com\/site\/el-gobierno-de-canada-anuncia-un-plan-para-apoyar-la-recuperacion-economica-a-traves-de-la-inmigracion\/#primaryimage\"},\"thumbnailUrl\":\"https:\/\/touridiomas.com\/site\/wp-content\/uploads\/pexels-daniel-joseph-petty-756790-scaled.jpg\",\"datePublished\":\"2020-11-06T23:00:03+00:00\",\"dateModified\":\"2020-11-09T16:59:48+00:00\",\"breadcrumb\":{\"@id\":\"https:\/\/touridiomas.com\/site\/el-gobierno-de-canada-anuncia-un-plan-para-apoyar-la-recuperacion-economica-a-traves-de-la-inmigracion\/#breadcrumb\"},\"inLanguage\":\"es\",\"potentialAction\":[{\"@type\":\"ReadAction\",\"target\":[\"https:\/\/touridiomas.com\/site\/el-gobierno-de-canada-anuncia-un-plan-para-apoyar-la-recuperacion-economica-a-traves-de-la-inmigracion\/\"]}]},{\"@type\":\"ImageObject\",\"inLanguage\":\"es\",\"@id\":\"https:\/\/touridiomas.com\/site\/el-gobierno-de-canada-anuncia-un-plan-para-apoyar-la-recuperacion-economica-a-traves-de-la-inmigracion\/#primaryimage\",\"url\":\"https:\/\/touridiomas.com\/site\/wp-content\/uploads\/pexels-daniel-joseph-petty-756790-scaled.jpg\",\"contentUrl\":\"https:\/\/touridiomas.com\/site\/wp-content\/uploads\/pexels-daniel-joseph-petty-756790-scaled.jpg\",\"width\":2560,\"height\":1920},{\"@type\":\"BreadcrumbList\",\"@id\":\"https:\/\/touridiomas.com\/site\/el-gobierno-de-canada-anuncia-un-plan-para-apoyar-la-recuperacion-economica-a-traves-de-la-inmigracion\/#breadcrumb\",\"itemListElement\":[{\"@type\":\"ListItem\",\"position\":1,\"name\":\"Home\",\"item\":\"https:\/\/touridiomas.com\/site\/\"},{\"@type\":\"ListItem\",\"position\":2,\"name\":\"Canad\u00e1 anuncia que recibir\u00e1 a m\u00e1s de 1.2 millones de inmigrantes durante los pr\u00f3ximos 3 a\u00f1os\"}]},{\"@type\":\"WebSite\",\"@id\":\"https:\/\/touridiomas.com\/site\/#website\",\"url\":\"https:\/\/touridiomas.com\/site\/\",\"name\":\"Tour Idiomas\",\"description\":\"Estudios en el Exterior\",\"publisher\":{\"@id\":\"https:\/\/touridiomas.com\/site\/#organization\"},\"potentialAction\":[{\"@type\":\"SearchAction\",\"target\":{\"@type\":\"EntryPoint\",\"urlTemplate\":\"https:\/\/touridiomas.com\/site\/?s={search_term_string}\"},\"query-input\":{\"@type\":\"PropertyValueSpecification\",\"valueRequired\":true,\"valueName\":\"search_term_string\"}}],\"inLanguage\":\"es\"},{\"@type\":\"Organization\",\"@id\":\"https:\/\/touridiomas.com\/site\/#organization\",\"name\":\"Tour Idiomas\",\"url\":\"https:\/\/touridiomas.com\/site\/\",\"logo\":{\"@type\":\"ImageObject\",\"inLanguage\":\"es\",\"@id\":\"https:\/\/touridiomas.com\/site\/#\/schema\/logo\/image\/\",\"url\":\"https:\/\/touridiomas.com\/site\/wp-content\/uploads\/logo-tour-idiomas.jpg\",\"contentUrl\":\"https:\/\/touridiomas.com\/site\/wp-content\/uploads\/logo-tour-idiomas.jpg\",\"width\":400,\"height\":80,\"caption\":\"Tour Idiomas\"},\"image\":{\"@id\":\"https:\/\/touridiomas.com\/site\/#\/schema\/logo\/image\/\"},\"sameAs\":[\"https:\/\/www.facebook.com\/TourIdiomas\",\"https:\/\/x.com\/TourIdiomas\",\"https:\/\/www.instagram.com\/touridiomas\/\",\"https:\/\/www.youtube.com\/user\/TourIdiomas\"]},{\"@type\":\"Person\",\"@id\":\"https:\/\/touridiomas.com\/site\/#\/schema\/person\/954f4bcc9f986e84484caccb8a7ced80\",\"name\":\"Community Mgr\",\"image\":{\"@type\":\"ImageObject\",\"inLanguage\":\"es\",\"@id\":\"https:\/\/secure.gravatar.com\/avatar\/85cc04f7594e7bfee5786c2a637381bf4d42af86e7c5e1cfbf4cad1a97ac5e43?s=96&d=mm&r=g\",\"url\":\"https:\/\/secure.gravatar.com\/avatar\/85cc04f7594e7bfee5786c2a637381bf4d42af86e7c5e1cfbf4cad1a97ac5e43?s=96&d=mm&r=g\",\"contentUrl\":\"https:\/\/secure.gravatar.com\/avatar\/85cc04f7594e7bfee5786c2a637381bf4d42af86e7c5e1cfbf4cad1a97ac5e43?s=96&d=mm&r=g\",\"caption\":\"Community Mgr\"},\"url\":\"https:\/\/touridiomas.com\/site\/author\/community-mgr\/\"}]}<\/script>\n<!-- \/ Yoast SEO Premium plugin. -->","yoast_head_json":{"title":"Canad\u00e1 anuncia que recibir\u00e1 a m\u00e1s de 1.2 millones de inmigrantes durante los pr\u00f3ximos 3 a\u00f1os - Tour Idiomas","robots":{"index":"index","follow":"follow","max-snippet":"max-snippet:-1","max-image-preview":"max-image-preview:large","max-video-preview":"max-video-preview:-1"},"canonical":"https:\/\/touridiomas.com\/site\/el-gobierno-de-canada-anuncia-un-plan-para-apoyar-la-recuperacion-economica-a-traves-de-la-inmigracion\/","og_locale":"es_MX","og_type":"article","og_title":"Canad\u00e1 anuncia que recibir\u00e1 a m\u00e1s de 1.2 millones de inmigrantes durante los pr\u00f3ximos 3 a\u00f1os","og_description":"[vc_row][vc_column][vc_empty_space][\/vc_column][\/vc_row] Desde este 30 de octubre el ministro de Inmigraci\u00f3n, refugiados y ciudadan\u00eda dio a conocer el plan de migraci\u00f3n para 2021-2023, para nadie es un secreto la importancia de los migrantes para Canad\u00e1 y que este 2020 hubo un d\u00e9ficit de migrantes por cuestiones de la pandemia. [vc_row][vc_column]Aunque el IRCC (Immigration, Refugees and Citizenship [&hellip;]","og_url":"https:\/\/touridiomas.com\/site\/el-gobierno-de-canada-anuncia-un-plan-para-apoyar-la-recuperacion-economica-a-traves-de-la-inmigracion\/","og_site_name":"Tour Idiomas","article_publisher":"https:\/\/www.facebook.com\/TourIdiomas","article_published_time":"2020-11-06T23:00:03+00:00","article_modified_time":"2020-11-09T16:59:48+00:00","og_image":[{"width":2560,"height":1920,"url":"https:\/\/touridiomas.com\/site\/wp-content\/uploads\/pexels-daniel-joseph-petty-756790-scaled.jpg","type":"image\/jpeg"}],"author":"Community Mgr","twitter_card":"summary_large_image","twitter_creator":"@TourIdiomas","twitter_site":"@TourIdiomas","twitter_misc":{"Escrito por":"Community Mgr","Tiempo de lectura":"3 minutos"},"schema":{"@context":"https:\/\/schema.org","@graph":[{"@type":"Article","@id":"https:\/\/touridiomas.com\/site\/el-gobierno-de-canada-anuncia-un-plan-para-apoyar-la-recuperacion-economica-a-traves-de-la-inmigracion\/#article","isPartOf":{"@id":"https:\/\/touridiomas.com\/site\/el-gobierno-de-canada-anuncia-un-plan-para-apoyar-la-recuperacion-economica-a-traves-de-la-inmigracion\/"},"author":{"name":"Community Mgr","@id":"https:\/\/touridiomas.com\/site\/#\/schema\/person\/954f4bcc9f986e84484caccb8a7ced80"},"headline":"Canad\u00e1 anuncia que recibir\u00e1 a m\u00e1s de 1.2 millones de inmigrantes durante los pr\u00f3ximos 3 a\u00f1os","datePublished":"2020-11-06T23:00:03+00:00","dateModified":"2020-11-09T16:59:48+00:00","mainEntityOfPage":{"@id":"https:\/\/touridiomas.com\/site\/el-gobierno-de-canada-anuncia-un-plan-para-apoyar-la-recuperacion-economica-a-traves-de-la-inmigracion\/"},"wordCount":573,"publisher":{"@id":"https:\/\/touridiomas.com\/site\/#organization"},"image":{"@id":"https:\/\/touridiomas.com\/site\/el-gobierno-de-canada-anuncia-un-plan-para-apoyar-la-recuperacion-economica-a-traves-de-la-inmigracion\/#primaryimage"},"thumbnailUrl":"https:\/\/touridiomas.com\/site\/wp-content\/uploads\/pexels-daniel-joseph-petty-756790-scaled.jpg","keywords":["Canad\u00e1","Migrar"],"articleSection":["Blog"],"inLanguage":"es"},{"@type":"WebPage","@id":"https:\/\/touridiomas.com\/site\/el-gobierno-de-canada-anuncia-un-plan-para-apoyar-la-recuperacion-economica-a-traves-de-la-inmigracion\/","url":"https:\/\/touridiomas.com\/site\/el-gobierno-de-canada-anuncia-un-plan-para-apoyar-la-recuperacion-economica-a-traves-de-la-inmigracion\/","name":"Canad\u00e1 anuncia que recibir\u00e1 a m\u00e1s de 1.2 millones de inmigrantes durante los pr\u00f3ximos 3 a\u00f1os - Tour Idiomas","isPartOf":{"@id":"https:\/\/touridiomas.com\/site\/#website"},"primaryImageOfPage":{"@id":"https:\/\/touridiomas.com\/site\/el-gobierno-de-canada-anuncia-un-plan-para-apoyar-la-recuperacion-economica-a-traves-de-la-inmigracion\/#primaryimage"},"image":{"@id":"https:\/\/touridiomas.com\/site\/el-gobierno-de-canada-anuncia-un-plan-para-apoyar-la-recuperacion-economica-a-traves-de-la-inmigracion\/#primaryimage"},"thumbnailUrl":"https:\/\/touridiomas.com\/site\/wp-content\/uploads\/pexels-daniel-joseph-petty-756790-scaled.jpg","datePublished":"2020-11-06T23:00:03+00:00","dateModified":"2020-11-09T16:59:48+00:00","breadcrumb":{"@id":"https:\/\/touridiomas.com\/site\/el-gobierno-de-canada-anuncia-un-plan-para-apoyar-la-recuperacion-economica-a-traves-de-la-inmigracion\/#breadcrumb"},"inLanguage":"es","potentialAction":[{"@type":"ReadAction","target":["https:\/\/touridiomas.com\/site\/el-gobierno-de-canada-anuncia-un-plan-para-apoyar-la-recuperacion-economica-a-traves-de-la-inmigracion\/"]}]},{"@type":"ImageObject","inLanguage":"es","@id":"https:\/\/touridiomas.com\/site\/el-gobierno-de-canada-anuncia-un-plan-para-apoyar-la-recuperacion-economica-a-traves-de-la-inmigracion\/#primaryimage","url":"https:\/\/touridiomas.com\/site\/wp-content\/uploads\/pexels-daniel-joseph-petty-756790-scaled.jpg","contentUrl":"https:\/\/touridiomas.com\/site\/wp-content\/uploads\/pexels-daniel-joseph-petty-756790-scaled.jpg","width":2560,"height":1920},{"@type":"BreadcrumbList","@id":"https:\/\/touridiomas.com\/site\/el-gobierno-de-canada-anuncia-un-plan-para-apoyar-la-recuperacion-economica-a-traves-de-la-inmigracion\/#breadcrumb","itemListElement":[{"@type":"ListItem","position":1,"name":"Home","item":"https:\/\/touridiomas.com\/site\/"},{"@type":"ListItem","position":2,"name":"Canad\u00e1 anuncia que recibir\u00e1 a m\u00e1s de 1.2 millones de inmigrantes durante los pr\u00f3ximos 3 a\u00f1os"}]},{"@type":"WebSite","@id":"https:\/\/touridiomas.com\/site\/#website","url":"https:\/\/touridiomas.com\/site\/","name":"Tour Idiomas","description":"Estudios en el Exterior","publisher":{"@id":"https:\/\/touridiomas.com\/site\/#organization"},"potentialAction":[{"@type":"SearchAction","target":{"@type":"EntryPoint","urlTemplate":"https:\/\/touridiomas.com\/site\/?s={search_term_string}"},"query-input":{"@type":"PropertyValueSpecification","valueRequired":true,"valueName":"search_term_string"}}],"inLanguage":"es"},{"@type":"Organization","@id":"https:\/\/touridiomas.com\/site\/#organization","name":"Tour Idiomas","url":"https:\/\/touridiomas.com\/site\/","logo":{"@type":"ImageObject","inLanguage":"es","@id":"https:\/\/touridiomas.com\/site\/#\/schema\/logo\/image\/","url":"https:\/\/touridiomas.com\/site\/wp-content\/uploads\/logo-tour-idiomas.jpg","contentUrl":"https:\/\/touridiomas.com\/site\/wp-content\/uploads\/logo-tour-idiomas.jpg","width":400,"height":80,"caption":"Tour Idiomas"},"image":{"@id":"https:\/\/touridiomas.com\/site\/#\/schema\/logo\/image\/"},"sameAs":["https:\/\/www.facebook.com\/TourIdiomas","https:\/\/x.com\/TourIdiomas","https:\/\/www.instagram.com\/touridiomas\/","https:\/\/www.youtube.com\/user\/TourIdiomas"]},{"@type":"Person","@id":"https:\/\/touridiomas.com\/site\/#\/schema\/person\/954f4bcc9f986e84484caccb8a7ced80","name":"Community Mgr","image":{"@type":"ImageObject","inLanguage":"es","@id":"https:\/\/secure.gravatar.com\/avatar\/85cc04f7594e7bfee5786c2a637381bf4d42af86e7c5e1cfbf4cad1a97ac5e43?s=96&d=mm&r=g","url":"https:\/\/secure.gravatar.com\/avatar\/85cc04f7594e7bfee5786c2a637381bf4d42af86e7c5e1cfbf4cad1a97ac5e43?s=96&d=mm&r=g","contentUrl":"https:\/\/secure.gravatar.com\/avatar\/85cc04f7594e7bfee5786c2a637381bf4d42af86e7c5e1cfbf4cad1a97ac5e43?s=96&d=mm&r=g","caption":"Community Mgr"},"url":"https:\/\/touridiomas.com\/site\/author\/community-mgr\/"}]}},"_links":{"self":[{"href":"https:\/\/touridiomas.com\/site\/wp-json\/wp\/v2\/posts\/21230","targetHints":{"allow":["GET"]}}],"collection":[{"href":"https:\/\/touridiomas.com\/site\/wp-json\/wp\/v2\/posts"}],"about":[{"href":"https:\/\/touridiomas.com\/site\/wp-json\/wp\/v2\/types\/post"}],"author":[{"embeddable":true,"href":"https:\/\/touridiomas.com\/site\/wp-json\/wp\/v2\/users\/6"}],"replies":[{"embeddable":true,"href":"https:\/\/touridiomas.com\/site\/wp-json\/wp\/v2\/comments?post=21230"}],"version-history":[{"count":1,"href":"https:\/\/touridiomas.com\/site\/wp-json\/wp\/v2\/posts\/21230\/revisions"}],"predecessor-version":[{"id":21244,"href":"https:\/\/touridiomas.com\/site\/wp-json\/wp\/v2\/posts\/21230\/revisions\/21244"}],"wp:featuredmedia":[{"embeddable":true,"href":"https:\/\/touridiomas.com\/site\/wp-json\/wp\/v2\/media\/21231"}],"wp:attachment":[{"href":"https:\/\/touridiomas.com\/site\/wp-json\/wp\/v2\/media?parent=21230"}],"wp:term":[{"taxonomy":"category","embeddable":true,"href":"https:\/\/touridiomas.com\/site\/wp-json\/wp\/v2\/categories?post=21230"},{"taxonomy":"post_tag","embeddable":true,"href":"https:\/\/touridiomas.com\/site\/wp-json\/wp\/v2\/tags?post=21230"}],"curies":[{"name":"wp","href":"https:\/\/api.w.org\/{rel}","templated":true}]}}