{"id":22073,"date":"2022-04-09T10:04:30","date_gmt":"2022-04-09T15:04:30","guid":{"rendered":"https:\/\/touridiomas.com\/site\/?p=22073"},"modified":"2022-04-09T11:52:04","modified_gmt":"2022-04-09T16:52:04","slug":"vacante-de-asesor-educativo","status":"publish","type":"post","link":"https:\/\/touridiomas.com\/site\/vacante-de-asesor-educativo\/","title":{"rendered":"Buscamos Asesor Educativo"},"content":{"rendered":"\n<figure class=\"wp-block-image size-large\"><img fetchpriority=\"high\" decoding=\"async\" width=\"1024\" height=\"533\" src=\"https:\/\/touridiomas.com\/site\/wp-content\/uploads\/00-3-1024x533.png\" alt=\"\" class=\"wp-image-22074\" srcset=\"https:\/\/touridiomas.com\/site\/wp-content\/uploads\/00-3-1024x533.png 1024w, https:\/\/touridiomas.com\/site\/wp-content\/uploads\/00-3-300x156.png 300w, https:\/\/touridiomas.com\/site\/wp-content\/uploads\/00-3-1536x800.png 1536w, https:\/\/touridiomas.com\/site\/wp-content\/uploads\/00-3.png 1920w\" sizes=\"(max-width: 1024px) 100vw, 1024px\" \/><\/figure>\n\n\n\n<h2 class=\"has-text-align-center wp-block-heading\" id=\"h-vacante-abierta\">Vacante abierta <\/h2>\n\n\n\n<p>\u00a1Nuestro equipo de trabajo sigue creciendo!&nbsp;<\/p>\n\n\n\n<p class=\"has-text-align-center\">\u00a1Queremos seguir llegando a m\u00e1s personas como t\u00fa! Por esta raz\u00f3n, estamos en la b\u00fasqueda de un equipo de colaboradores que deseen formar parte de nuestra comunidad.&nbsp;<\/p>\n\n\n\n<p class=\"has-text-align-center\">Buscamos asesor educativo<\/p>\n\n\n\n<p class=\"has-text-align-center\">Buscamos un profesional en Comunicaci\u00f3n Social, Publicistas, Relaciones Internacionales, Administraci\u00f3n de Empresas, Idiomas, Mercadeo, Hoteler\u00eda y Turismo, Log\u00edstica, Econom\u00eda, Ingenier\u00eda Industrial o carreras afines, tambi\u00e9n aceptamos extranjeros legales con t\u00edtulo profesional acreditado.<\/p>\n\n\n\n<p>Debe tener las siguientes caracter\u00edsticas:<\/p>\n\n\n\n<p>-Habilidad para generar relaciones con los clientes.<\/p>\n\n\n\n<p>-Ingl\u00e9s intermedio (no excluyente).<\/p>\n\n\n\n<p>-1 a\u00f1o de experiencia laboral certificada.<\/p>\n\n\n\n<p>-Planificaci\u00f3n y organizaci\u00f3n en el trabajo.<\/p>\n\n\n\n<p>-Disponibilidad para viajar a futuro.<\/p>\n\n\n\n<p>-Tener entre 24 y 35 a\u00f1os (no excluyente).<\/p>\n\n\n\n<p>-Excelente presentaci\u00f3n personal.<\/p>\n\n\n\n<p>-Tener dominio avanzado de Excel y Word.<\/p>\n\n\n\n<p>Beneficios:<\/p>\n\n\n\n<p>Atractivo paquete salarial.<\/p>\n\n\n\n<p>Contrato a t\u00e9rmino indefinido.<\/p>\n\n\n\n<p><strong>Requisitos:&nbsp;<\/strong><\/p>\n\n\n\n<p>Buscamos un profesional en Comunicaci\u00f3n Social, Relaciones Internacionales, Administraci\u00f3n de Empresas, Idiomas, Mercadeo, Hoteler\u00eda y Turismo, Log\u00edstica, Psicolog\u00eda, Econom\u00eda, Ingenier\u00eda Industrial o carreras afines, tambi\u00e9n aceptamos extranjeros legales con t\u00edtulo profesional acreditado.&nbsp;<\/p>\n\n\n\n<p>Debe tener las siguientes caracter\u00edsticas:&nbsp;<\/p>\n\n\n\n<p>-Habilidad para generar relaciones con los clientes.&nbsp;<\/p>\n\n\n\n<p>-Ingl\u00e9s intermedio (no excluyente).&nbsp;<\/p>\n\n\n\n<p>-1 a\u00f1o de experiencia laboral certificada.&nbsp;<\/p>\n\n\n\n<p>-Planificaci\u00f3n y organizaci\u00f3n en el trabajo.&nbsp;<\/p>\n\n\n\n<p>-Disponibilidad para viajar a futuro.&nbsp;<\/p>\n\n\n\n<p>-Tener entre 24 y 35 a\u00f1os (no excluyente).&nbsp;<\/p>\n\n\n\n<p>-Excelente presentaci\u00f3n personal.&nbsp;<\/p>\n\n\n\n<p>-Tener dominio avanzado de Excel y Word.<\/p>\n\n\n\n<p class=\"has-text-align-center\">Env\u00eda tu hoja de vida a asesor4@touridiomas.com<\/p>\n\n\n\n<p class=\"has-text-align-center\">Fecha l\u00edmite de postulaci\u00f3n: 15 de abril de 2022.<\/p>\n\n\n\n<p class=\"has-text-align-center\">\u00a1\u00a1Te esperamos!!<\/p>\n","protected":false},"excerpt":{"rendered":"<p>Vacante abierta \u00a1Nuestro equipo de trabajo sigue creciendo!&nbsp; \u00a1Queremos seguir llegando a m\u00e1s personas como t\u00fa! Por esta raz\u00f3n, estamos en la b\u00fasqueda de un equipo de colaboradores que deseen formar parte de nuestra comunidad.&nbsp; Buscamos asesor educativo Buscamos un profesional en Comunicaci\u00f3n Social, Publicistas, Relaciones Internacionales, Administraci\u00f3n de Empresas, Idiomas, Mercadeo, Hoteler\u00eda y Turismo, [&hellip;]<\/p>\n","protected":false},"author":6,"featured_media":22074,"comment_status":"closed","ping_status":"closed","sticky":false,"template":"","format":"standard","meta":{"footnotes":""},"categories":[1],"tags":[],"class_list":["post-22073","post","type-post","status-publish","format-standard","has-post-thumbnail","hentry","category-uncategorized"],"yoast_head":"<!-- This site is optimized with the Yoast SEO Premium plugin v27.2 (Yoast SEO v27.2) - https:\/\/yoast.com\/product\/yoast-seo-premium-wordpress\/ -->\n<title>Buscamos Asesor Educativo - Tour Idiomas<\/title>\n<meta name=\"description\" content=\"Buscamos un profesional en Comunicaci\u00f3n Social, Publicistas, Relaciones Internacionales, Administraci\u00f3n de Empresas, Idiomas, Mercadeo, Hoteler\u00eda y Turismo, Log\u00edstica, Econom\u00eda, Ingenier\u00eda Industrial o carreras afines, tambi\u00e9n aceptamos extranjeros legales con t\u00edtulo profesional acreditado.\" \/>\n<meta name=\"robots\" content=\"index, follow, max-snippet:-1, max-image-preview:large, max-video-preview:-1\" \/>\n<link rel=\"canonical\" href=\"https:\/\/touridiomas.com\/site\/vacante-de-asesor-educativo\/\" \/>\n<meta property=\"og:locale\" content=\"es_MX\" \/>\n<meta property=\"og:type\" content=\"article\" \/>\n<meta property=\"og:title\" content=\"Buscamos Asesor Educativo\" \/>\n<meta property=\"og:description\" content=\"Buscamos un profesional en Comunicaci\u00f3n Social, Publicistas, Relaciones Internacionales, Administraci\u00f3n de Empresas, Idiomas, Mercadeo, Hoteler\u00eda y Turismo, Log\u00edstica, Econom\u00eda, Ingenier\u00eda Industrial o carreras afines, tambi\u00e9n aceptamos extranjeros legales con t\u00edtulo profesional acreditado.\" \/>\n<meta property=\"og:url\" content=\"https:\/\/touridiomas.com\/site\/vacante-de-asesor-educativo\/\" \/>\n<meta property=\"og:site_name\" content=\"Tour Idiomas\" \/>\n<meta property=\"article:publisher\" content=\"https:\/\/www.facebook.com\/TourIdiomas\" \/>\n<meta property=\"article:published_time\" content=\"2022-04-09T15:04:30+00:00\" \/>\n<meta property=\"article:modified_time\" content=\"2022-04-09T16:52:04+00:00\" \/>\n<meta property=\"og:image\" content=\"https:\/\/touridiomas.com\/site\/wp-content\/uploads\/00-3-1024x533.png\" \/>\n\t<meta property=\"og:image:width\" content=\"1024\" \/>\n\t<meta property=\"og:image:height\" content=\"533\" \/>\n\t<meta property=\"og:image:type\" content=\"image\/png\" \/>\n<meta name=\"author\" content=\"Community Mgr\" \/>\n<meta name=\"twitter:card\" content=\"summary_large_image\" \/>\n<meta name=\"twitter:creator\" content=\"@TourIdiomas\" \/>\n<meta name=\"twitter:site\" content=\"@TourIdiomas\" \/>\n<meta name=\"twitter:label1\" content=\"Escrito por\" \/>\n\t<meta name=\"twitter:data1\" content=\"Community Mgr\" \/>\n\t<meta name=\"twitter:label2\" content=\"Tiempo de lectura\" \/>\n\t<meta name=\"twitter:data2\" content=\"2 minutos\" \/>\n<script type=\"application\/ld+json\" class=\"yoast-schema-graph\">{\"@context\":\"https:\/\/schema.org\",\"@graph\":[{\"@type\":\"Article\",\"@id\":\"https:\/\/touridiomas.com\/site\/vacante-de-asesor-educativo\/#article\",\"isPartOf\":{\"@id\":\"https:\/\/touridiomas.com\/site\/vacante-de-asesor-educativo\/\"},\"author\":{\"name\":\"Community Mgr\",\"@id\":\"https:\/\/touridiomas.com\/site\/#\/schema\/person\/954f4bcc9f986e84484caccb8a7ced80\"},\"headline\":\"Buscamos Asesor Educativo\",\"datePublished\":\"2022-04-09T15:04:30+00:00\",\"dateModified\":\"2022-04-09T16:52:04+00:00\",\"mainEntityOfPage\":{\"@id\":\"https:\/\/touridiomas.com\/site\/vacante-de-asesor-educativo\/\"},\"wordCount\":280,\"publisher\":{\"@id\":\"https:\/\/touridiomas.com\/site\/#organization\"},\"image\":{\"@id\":\"https:\/\/touridiomas.com\/site\/vacante-de-asesor-educativo\/#primaryimage\"},\"thumbnailUrl\":\"https:\/\/touridiomas.com\/site\/wp-content\/uploads\/00-3.png\",\"articleSection\":[\"Uncategorized\"],\"inLanguage\":\"es\"},{\"@type\":\"WebPage\",\"@id\":\"https:\/\/touridiomas.com\/site\/vacante-de-asesor-educativo\/\",\"url\":\"https:\/\/touridiomas.com\/site\/vacante-de-asesor-educativo\/\",\"name\":\"Buscamos Asesor Educativo - Tour Idiomas\",\"isPartOf\":{\"@id\":\"https:\/\/touridiomas.com\/site\/#website\"},\"primaryImageOfPage\":{\"@id\":\"https:\/\/touridiomas.com\/site\/vacante-de-asesor-educativo\/#primaryimage\"},\"image\":{\"@id\":\"https:\/\/touridiomas.com\/site\/vacante-de-asesor-educativo\/#primaryimage\"},\"thumbnailUrl\":\"https:\/\/touridiomas.com\/site\/wp-content\/uploads\/00-3.png\",\"datePublished\":\"2022-04-09T15:04:30+00:00\",\"dateModified\":\"2022-04-09T16:52:04+00:00\",\"description\":\"Buscamos un profesional en Comunicaci\u00f3n Social, Publicistas, Relaciones Internacionales, Administraci\u00f3n de Empresas, Idiomas, Mercadeo, Hoteler\u00eda y Turismo, Log\u00edstica, Econom\u00eda, Ingenier\u00eda Industrial o carreras afines, tambi\u00e9n aceptamos extranjeros legales con t\u00edtulo profesional acreditado.\",\"breadcrumb\":{\"@id\":\"https:\/\/touridiomas.com\/site\/vacante-de-asesor-educativo\/#breadcrumb\"},\"inLanguage\":\"es\",\"potentialAction\":[{\"@type\":\"ReadAction\",\"target\":[\"https:\/\/touridiomas.com\/site\/vacante-de-asesor-educativo\/\"]}]},{\"@type\":\"ImageObject\",\"inLanguage\":\"es\",\"@id\":\"https:\/\/touridiomas.com\/site\/vacante-de-asesor-educativo\/#primaryimage\",\"url\":\"https:\/\/touridiomas.com\/site\/wp-content\/uploads\/00-3.png\",\"contentUrl\":\"https:\/\/touridiomas.com\/site\/wp-content\/uploads\/00-3.png\",\"width\":1920,\"height\":1000},{\"@type\":\"BreadcrumbList\",\"@id\":\"https:\/\/touridiomas.com\/site\/vacante-de-asesor-educativo\/#breadcrumb\",\"itemListElement\":[{\"@type\":\"ListItem\",\"position\":1,\"name\":\"Home\",\"item\":\"https:\/\/touridiomas.com\/site\/\"},{\"@type\":\"ListItem\",\"position\":2,\"name\":\"Buscamos Asesor Educativo\"}]},{\"@type\":\"WebSite\",\"@id\":\"https:\/\/touridiomas.com\/site\/#website\",\"url\":\"https:\/\/touridiomas.com\/site\/\",\"name\":\"Tour Idiomas\",\"description\":\"Estudios en el Exterior\",\"publisher\":{\"@id\":\"https:\/\/touridiomas.com\/site\/#organization\"},\"potentialAction\":[{\"@type\":\"SearchAction\",\"target\":{\"@type\":\"EntryPoint\",\"urlTemplate\":\"https:\/\/touridiomas.com\/site\/?s={search_term_string}\"},\"query-input\":{\"@type\":\"PropertyValueSpecification\",\"valueRequired\":true,\"valueName\":\"search_term_string\"}}],\"inLanguage\":\"es\"},{\"@type\":\"Organization\",\"@id\":\"https:\/\/touridiomas.com\/site\/#organization\",\"name\":\"Tour Idiomas\",\"url\":\"https:\/\/touridiomas.com\/site\/\",\"logo\":{\"@type\":\"ImageObject\",\"inLanguage\":\"es\",\"@id\":\"https:\/\/touridiomas.com\/site\/#\/schema\/logo\/image\/\",\"url\":\"https:\/\/touridiomas.com\/site\/wp-content\/uploads\/logo-tour-idiomas.jpg\",\"contentUrl\":\"https:\/\/touridiomas.com\/site\/wp-content\/uploads\/logo-tour-idiomas.jpg\",\"width\":400,\"height\":80,\"caption\":\"Tour Idiomas\"},\"image\":{\"@id\":\"https:\/\/touridiomas.com\/site\/#\/schema\/logo\/image\/\"},\"sameAs\":[\"https:\/\/www.facebook.com\/TourIdiomas\",\"https:\/\/x.com\/TourIdiomas\",\"https:\/\/www.instagram.com\/touridiomas\/\",\"https:\/\/www.youtube.com\/user\/TourIdiomas\"]},{\"@type\":\"Person\",\"@id\":\"https:\/\/touridiomas.com\/site\/#\/schema\/person\/954f4bcc9f986e84484caccb8a7ced80\",\"name\":\"Community Mgr\",\"image\":{\"@type\":\"ImageObject\",\"inLanguage\":\"es\",\"@id\":\"https:\/\/secure.gravatar.com\/avatar\/85cc04f7594e7bfee5786c2a637381bf4d42af86e7c5e1cfbf4cad1a97ac5e43?s=96&d=mm&r=g\",\"url\":\"https:\/\/secure.gravatar.com\/avatar\/85cc04f7594e7bfee5786c2a637381bf4d42af86e7c5e1cfbf4cad1a97ac5e43?s=96&d=mm&r=g\",\"contentUrl\":\"https:\/\/secure.gravatar.com\/avatar\/85cc04f7594e7bfee5786c2a637381bf4d42af86e7c5e1cfbf4cad1a97ac5e43?s=96&d=mm&r=g\",\"caption\":\"Community Mgr\"},\"url\":\"https:\/\/touridiomas.com\/site\/author\/community-mgr\/\"}]}<\/script>\n<!-- \/ Yoast SEO Premium plugin. -->","yoast_head_json":{"title":"Buscamos Asesor Educativo - Tour Idiomas","description":"Buscamos un profesional en Comunicaci\u00f3n Social, Publicistas, Relaciones Internacionales, Administraci\u00f3n de Empresas, Idiomas, Mercadeo, Hoteler\u00eda y Turismo, Log\u00edstica, Econom\u00eda, Ingenier\u00eda Industrial o carreras afines, tambi\u00e9n aceptamos extranjeros legales con t\u00edtulo profesional acreditado.","robots":{"index":"index","follow":"follow","max-snippet":"max-snippet:-1","max-image-preview":"max-image-preview:large","max-video-preview":"max-video-preview:-1"},"canonical":"https:\/\/touridiomas.com\/site\/vacante-de-asesor-educativo\/","og_locale":"es_MX","og_type":"article","og_title":"Buscamos Asesor Educativo","og_description":"Buscamos un profesional en Comunicaci\u00f3n Social, Publicistas, Relaciones Internacionales, Administraci\u00f3n de Empresas, Idiomas, Mercadeo, Hoteler\u00eda y Turismo, Log\u00edstica, Econom\u00eda, Ingenier\u00eda Industrial o carreras afines, tambi\u00e9n aceptamos extranjeros legales con t\u00edtulo profesional acreditado.","og_url":"https:\/\/touridiomas.com\/site\/vacante-de-asesor-educativo\/","og_site_name":"Tour Idiomas","article_publisher":"https:\/\/www.facebook.com\/TourIdiomas","article_published_time":"2022-04-09T15:04:30+00:00","article_modified_time":"2022-04-09T16:52:04+00:00","og_image":[{"width":1024,"height":533,"url":"https:\/\/touridiomas.com\/site\/wp-content\/uploads\/00-3-1024x533.png","type":"image\/png"}],"author":"Community Mgr","twitter_card":"summary_large_image","twitter_creator":"@TourIdiomas","twitter_site":"@TourIdiomas","twitter_misc":{"Escrito por":"Community Mgr","Tiempo de lectura":"2 minutos"},"schema":{"@context":"https:\/\/schema.org","@graph":[{"@type":"Article","@id":"https:\/\/touridiomas.com\/site\/vacante-de-asesor-educativo\/#article","isPartOf":{"@id":"https:\/\/touridiomas.com\/site\/vacante-de-asesor-educativo\/"},"author":{"name":"Community Mgr","@id":"https:\/\/touridiomas.com\/site\/#\/schema\/person\/954f4bcc9f986e84484caccb8a7ced80"},"headline":"Buscamos Asesor Educativo","datePublished":"2022-04-09T15:04:30+00:00","dateModified":"2022-04-09T16:52:04+00:00","mainEntityOfPage":{"@id":"https:\/\/touridiomas.com\/site\/vacante-de-asesor-educativo\/"},"wordCount":280,"publisher":{"@id":"https:\/\/touridiomas.com\/site\/#organization"},"image":{"@id":"https:\/\/touridiomas.com\/site\/vacante-de-asesor-educativo\/#primaryimage"},"thumbnailUrl":"https:\/\/touridiomas.com\/site\/wp-content\/uploads\/00-3.png","articleSection":["Uncategorized"],"inLanguage":"es"},{"@type":"WebPage","@id":"https:\/\/touridiomas.com\/site\/vacante-de-asesor-educativo\/","url":"https:\/\/touridiomas.com\/site\/vacante-de-asesor-educativo\/","name":"Buscamos Asesor Educativo - Tour Idiomas","isPartOf":{"@id":"https:\/\/touridiomas.com\/site\/#website"},"primaryImageOfPage":{"@id":"https:\/\/touridiomas.com\/site\/vacante-de-asesor-educativo\/#primaryimage"},"image":{"@id":"https:\/\/touridiomas.com\/site\/vacante-de-asesor-educativo\/#primaryimage"},"thumbnailUrl":"https:\/\/touridiomas.com\/site\/wp-content\/uploads\/00-3.png","datePublished":"2022-04-09T15:04:30+00:00","dateModified":"2022-04-09T16:52:04+00:00","description":"Buscamos un profesional en Comunicaci\u00f3n Social, Publicistas, Relaciones Internacionales, Administraci\u00f3n de Empresas, Idiomas, Mercadeo, Hoteler\u00eda y Turismo, Log\u00edstica, Econom\u00eda, Ingenier\u00eda Industrial o carreras afines, tambi\u00e9n aceptamos extranjeros legales con t\u00edtulo profesional acreditado.","breadcrumb":{"@id":"https:\/\/touridiomas.com\/site\/vacante-de-asesor-educativo\/#breadcrumb"},"inLanguage":"es","potentialAction":[{"@type":"ReadAction","target":["https:\/\/touridiomas.com\/site\/vacante-de-asesor-educativo\/"]}]},{"@type":"ImageObject","inLanguage":"es","@id":"https:\/\/touridiomas.com\/site\/vacante-de-asesor-educativo\/#primaryimage","url":"https:\/\/touridiomas.com\/site\/wp-content\/uploads\/00-3.png","contentUrl":"https:\/\/touridiomas.com\/site\/wp-content\/uploads\/00-3.png","width":1920,"height":1000},{"@type":"BreadcrumbList","@id":"https:\/\/touridiomas.com\/site\/vacante-de-asesor-educativo\/#breadcrumb","itemListElement":[{"@type":"ListItem","position":1,"name":"Home","item":"https:\/\/touridiomas.com\/site\/"},{"@type":"ListItem","position":2,"name":"Buscamos Asesor Educativo"}]},{"@type":"WebSite","@id":"https:\/\/touridiomas.com\/site\/#website","url":"https:\/\/touridiomas.com\/site\/","name":"Tour Idiomas","description":"Estudios en el Exterior","publisher":{"@id":"https:\/\/touridiomas.com\/site\/#organization"},"potentialAction":[{"@type":"SearchAction","target":{"@type":"EntryPoint","urlTemplate":"https:\/\/touridiomas.com\/site\/?s={search_term_string}"},"query-input":{"@type":"PropertyValueSpecification","valueRequired":true,"valueName":"search_term_string"}}],"inLanguage":"es"},{"@type":"Organization","@id":"https:\/\/touridiomas.com\/site\/#organization","name":"Tour Idiomas","url":"https:\/\/touridiomas.com\/site\/","logo":{"@type":"ImageObject","inLanguage":"es","@id":"https:\/\/touridiomas.com\/site\/#\/schema\/logo\/image\/","url":"https:\/\/touridiomas.com\/site\/wp-content\/uploads\/logo-tour-idiomas.jpg","contentUrl":"https:\/\/touridiomas.com\/site\/wp-content\/uploads\/logo-tour-idiomas.jpg","width":400,"height":80,"caption":"Tour Idiomas"},"image":{"@id":"https:\/\/touridiomas.com\/site\/#\/schema\/logo\/image\/"},"sameAs":["https:\/\/www.facebook.com\/TourIdiomas","https:\/\/x.com\/TourIdiomas","https:\/\/www.instagram.com\/touridiomas\/","https:\/\/www.youtube.com\/user\/TourIdiomas"]},{"@type":"Person","@id":"https:\/\/touridiomas.com\/site\/#\/schema\/person\/954f4bcc9f986e84484caccb8a7ced80","name":"Community Mgr","image":{"@type":"ImageObject","inLanguage":"es","@id":"https:\/\/secure.gravatar.com\/avatar\/85cc04f7594e7bfee5786c2a637381bf4d42af86e7c5e1cfbf4cad1a97ac5e43?s=96&d=mm&r=g","url":"https:\/\/secure.gravatar.com\/avatar\/85cc04f7594e7bfee5786c2a637381bf4d42af86e7c5e1cfbf4cad1a97ac5e43?s=96&d=mm&r=g","contentUrl":"https:\/\/secure.gravatar.com\/avatar\/85cc04f7594e7bfee5786c2a637381bf4d42af86e7c5e1cfbf4cad1a97ac5e43?s=96&d=mm&r=g","caption":"Community Mgr"},"url":"https:\/\/touridiomas.com\/site\/author\/community-mgr\/"}]}},"_links":{"self":[{"href":"https:\/\/touridiomas.com\/site\/wp-json\/wp\/v2\/posts\/22073","targetHints":{"allow":["GET"]}}],"collection":[{"href":"https:\/\/touridiomas.com\/site\/wp-json\/wp\/v2\/posts"}],"about":[{"href":"https:\/\/touridiomas.com\/site\/wp-json\/wp\/v2\/types\/post"}],"author":[{"embeddable":true,"href":"https:\/\/touridiomas.com\/site\/wp-json\/wp\/v2\/users\/6"}],"replies":[{"embeddable":true,"href":"https:\/\/touridiomas.com\/site\/wp-json\/wp\/v2\/comments?post=22073"}],"version-history":[{"count":2,"href":"https:\/\/touridiomas.com\/site\/wp-json\/wp\/v2\/posts\/22073\/revisions"}],"predecessor-version":[{"id":22079,"href":"https:\/\/touridiomas.com\/site\/wp-json\/wp\/v2\/posts\/22073\/revisions\/22079"}],"wp:featuredmedia":[{"embeddable":true,"href":"https:\/\/touridiomas.com\/site\/wp-json\/wp\/v2\/media\/22074"}],"wp:attachment":[{"href":"https:\/\/touridiomas.com\/site\/wp-json\/wp\/v2\/media?parent=22073"}],"wp:term":[{"taxonomy":"category","embeddable":true,"href":"https:\/\/touridiomas.com\/site\/wp-json\/wp\/v2\/categories?post=22073"},{"taxonomy":"post_tag","embeddable":true,"href":"https:\/\/touridiomas.com\/site\/wp-json\/wp\/v2\/tags?post=22073"}],"curies":[{"name":"wp","href":"https:\/\/api.w.org\/{rel}","templated":true}]}}